{"id":5105,"date":"2015-04-16T19:45:04","date_gmt":"2015-04-16T19:45:04","guid":{"rendered":""},"modified":"2015-04-16T19:45:04","modified_gmt":"2015-04-16T19:45:04","slug":"32-de-la-poblacion-panamena-con-sobrepeso","status":"publish","type":"post","link":"https:\/\/sertv.gob.pa\/nacionalfm\/32-de-la-poblacion-panamena-con-sobrepeso\/","title":{"rendered":"32% de la poblaci\u00f3n paname\u00f1a con sobrepeso"},"content":{"rendered":"\n<p>La Dra. Itza de Barahona, directora general de Salud, durante el seminario- taller sobre prevenci\u00f3n de la obesidad, asegur\u00f3 que en Panam\u00e1 un 32% de los adultos de 18 a\u00f1os registran sobrepeso y un 28% tiene obesidad. <\/p>\n<p>En este encuentro organizado por el Ministerio de Salud que se desarrolla hoy se definir\u00e1 y explicar\u00e1 el plan de acci\u00f3n quinquenal para la prevenci\u00f3n de la obesidad en la ni\u00f1ez y adolescencia. <\/p>\n<p>Datos estad\u00edsticos indican que en \u00ab1980 la obesidad en adolescentes era de 3%, en el a\u00f1o 2000 aument\u00f3 un 14%, y en el 2008 un 23%\u00bb. <\/p>\n<p>En tanto, la Flavia Fontes, representante del Ministerio de Educaci\u00f3n, afirm\u00f3 que \u00abno debemos dejar la decisi\u00f3n en los ni\u00f1os en lo que van a comer en la escuela\u00bb. <\/p>\n<p>\u00a0 <\/p>\n","protected":false},"excerpt":{"rendered":"<p>La Dra. Itza de Barahona, directora general de Salud, durante <a href=\"https:\/\/sertv.gob.pa\/nacionalfm\/32-de-la-poblacion-panamena-con-sobrepeso\/\"> [&#8230;]<\/a><\/p>\n","protected":false},"author":1,"featured_media":5106,"comment_status":"closed","ping_status":"closed","sticky":false,"template":"","format":"standard","meta":{"footnotes":""},"categories":[5],"tags":[],"class_list":["post-5105","post","type-post","status-publish","format-standard","has-post-thumbnail","hentry","category-salud"],"_links":{"self":[{"href":"https:\/\/sertv.gob.pa\/nacionalfm\/wp-json\/wp\/v2\/posts\/5105","targetHints":{"allow":["GET"]}}],"collection":[{"href":"https:\/\/sertv.gob.pa\/nacionalfm\/wp-json\/wp\/v2\/posts"}],"about":[{"href":"https:\/\/sertv.gob.pa\/nacionalfm\/wp-json\/wp\/v2\/types\/post"}],"author":[{"embeddable":true,"href":"https:\/\/sertv.gob.pa\/nacionalfm\/wp-json\/wp\/v2\/users\/1"}],"replies":[{"embeddable":true,"href":"https:\/\/sertv.gob.pa\/nacionalfm\/wp-json\/wp\/v2\/comments?post=5105"}],"version-history":[{"count":0,"href":"https:\/\/sertv.gob.pa\/nacionalfm\/wp-json\/wp\/v2\/posts\/5105\/revisions"}],"wp:featuredmedia":[{"embeddable":true,"href":"https:\/\/sertv.gob.pa\/nacionalfm\/wp-json\/wp\/v2\/media\/5106"}],"wp:attachment":[{"href":"https:\/\/sertv.gob.pa\/nacionalfm\/wp-json\/wp\/v2\/media?parent=5105"}],"wp:term":[{"taxonomy":"category","embeddable":true,"href":"https:\/\/sertv.gob.pa\/nacionalfm\/wp-json\/wp\/v2\/categories?post=5105"},{"taxonomy":"post_tag","embeddable":true,"href":"https:\/\/sertv.gob.pa\/nacionalfm\/wp-json\/wp\/v2\/tags?post=5105"}],"curies":[{"name":"wp","href":"https:\/\/api.w.org\/{rel}","templated":true}]}}