{"id":51142,"date":"2020-03-12T20:10:01","date_gmt":"2020-03-12T20:10:01","guid":{"rendered":"https:\/\/sertv.gob.pa\/nacionalfm\/?p=51142"},"modified":"2020-03-12T20:10:01","modified_gmt":"2020-03-12T20:10:01","slug":"equipos-para-atencion-en-cuidados-intensivos-son-entregados-en-el-hospital-santo-tomas","status":"publish","type":"post","link":"https:\/\/sertv.gob.pa\/nacionalfm\/equipos-para-atencion-en-cuidados-intensivos-son-entregados-en-el-hospital-santo-tomas\/","title":{"rendered":"Equipos para atenci\u00f3n en cuidados intensivos son entregados en el Hospital Santo Tom\u00e1s"},"content":{"rendered":"<p>Recientemente, representantes de la Direcci\u00f3n de Provisi\u00f3n de Servicios de la Salud, hicieron entrega de dos ventiladores al Hospital Santo Tomas.<\/p>\n<p>Cabe enfatizar, que con esta entrega, se complementa una sala para la atenci\u00f3n de 12 personas que pudieran necesitar ventilaci\u00f3n mec\u00e1nica, rayos x, tom\u00f3grafo y un personal de m\u00e9dicos y enfermeras altamente capacitado para la atenci\u00f3n que requiera el paciente en cuidados intensivos afectado por COVID-19.<\/p>\n<p>&nbsp;<\/p>\n<p>&nbsp;<\/p>\n<p>&nbsp;<\/p>\n<p>Fuente: MINSA<\/p>\n","protected":false},"excerpt":{"rendered":"<p>Recientemente, representantes de la Direcci\u00f3n de Provisi\u00f3n de Servicios de <a href=\"https:\/\/sertv.gob.pa\/nacionalfm\/equipos-para-atencion-en-cuidados-intensivos-son-entregados-en-el-hospital-santo-tomas\/\"> [&#8230;]<\/a><\/p>\n","protected":false},"author":9,"featured_media":51144,"comment_status":"closed","ping_status":"closed","sticky":false,"template":"","format":"standard","meta":{"footnotes":""},"categories":[5],"tags":[],"class_list":["post-51142","post","type-post","status-publish","format-standard","has-post-thumbnail","hentry","category-salud"],"_links":{"self":[{"href":"https:\/\/sertv.gob.pa\/nacionalfm\/wp-json\/wp\/v2\/posts\/51142","targetHints":{"allow":["GET"]}}],"collection":[{"href":"https:\/\/sertv.gob.pa\/nacionalfm\/wp-json\/wp\/v2\/posts"}],"about":[{"href":"https:\/\/sertv.gob.pa\/nacionalfm\/wp-json\/wp\/v2\/types\/post"}],"author":[{"embeddable":true,"href":"https:\/\/sertv.gob.pa\/nacionalfm\/wp-json\/wp\/v2\/users\/9"}],"replies":[{"embeddable":true,"href":"https:\/\/sertv.gob.pa\/nacionalfm\/wp-json\/wp\/v2\/comments?post=51142"}],"version-history":[{"count":1,"href":"https:\/\/sertv.gob.pa\/nacionalfm\/wp-json\/wp\/v2\/posts\/51142\/revisions"}],"predecessor-version":[{"id":51148,"href":"https:\/\/sertv.gob.pa\/nacionalfm\/wp-json\/wp\/v2\/posts\/51142\/revisions\/51148"}],"wp:featuredmedia":[{"embeddable":true,"href":"https:\/\/sertv.gob.pa\/nacionalfm\/wp-json\/wp\/v2\/media\/51144"}],"wp:attachment":[{"href":"https:\/\/sertv.gob.pa\/nacionalfm\/wp-json\/wp\/v2\/media?parent=51142"}],"wp:term":[{"taxonomy":"category","embeddable":true,"href":"https:\/\/sertv.gob.pa\/nacionalfm\/wp-json\/wp\/v2\/categories?post=51142"},{"taxonomy":"post_tag","embeddable":true,"href":"https:\/\/sertv.gob.pa\/nacionalfm\/wp-json\/wp\/v2\/tags?post=51142"}],"curies":[{"name":"wp","href":"https:\/\/api.w.org\/{rel}","templated":true}]}}