{"id":5119,"date":"2015-04-20T16:15:44","date_gmt":"2015-04-20T16:15:44","guid":{"rendered":""},"modified":"2015-04-20T16:15:44","modified_gmt":"2015-04-20T16:15:44","slug":"halitosis-y-sus-causas","status":"publish","type":"post","link":"https:\/\/sertv.gob.pa\/nacionalfm\/halitosis-y-sus-causas\/","title":{"rendered":"Halitosis y sus causas"},"content":{"rendered":"<p>\nCuando el aliento se torna ofensivo para los dem\u00e1s, hasta el punto de afectar la interacci\u00f3n social, y no mejora con la  limpieza oral , se debe consultar al  odont\u00f3logo  y, en casos cr\u00f3nicos, a otros especialistas para que diagnostiquen la causa y prescriban un tratamiento. <\/p>\n<p>Muchas veces el mal aliento o  halitosis  est\u00e1 asociado con la producci\u00f3n de compuestos sulf\u00faricos vol\u00e1tiles por parte de las  bacterias  que degradan los restos de alimentos en la boca. La falta de higiene oral, las  caries , gingivitis o periodontitis no atendidas, y el uso de pr\u00f3tesis dentales que no se higienizan correctamente, favorecen la proliferaci\u00f3n de bacterias y el mal aliento. <\/p>\n<p>Pero no siempre la halitosis se debe a problemas bucales, y requiere un abordaje multidisciplinario, se\u00f1ala el odont\u00f3logo Rodolfo Epifanio, especialista en medicina oral e implantes dentales. Hay que descartar una infecci\u00f3n nasal, nasofar\u00edngea, de las am\u00edgdalas o  sinusitis cr\u00f3nica , agrega. El reflujo gastroesof\u00e1gico, algunas enfermedades hep\u00e1ticas avanzadas, la diabetes descompensada y la enfermedad renal, igualmente pueden inducir cambios en el aliento. <\/p>\n<p>En la poblaci\u00f3n de la tercera edad pueden darse situaciones como la  artritis , que en algunos casos impida una higiene adecuada al no poder agarrar bien el cepillo o el hilo y favorece que haya m\u00e1s placa dental. Igualmente pueden faltar piezas dentales, que son reemplazadas con pr\u00f3tesis, y si \u00e9stas no se limpian bien, acumulan restos de comida y bacterias. Una dieta rica en alimentos refinados o procesados, que son degradados f\u00e1cilmente por las bacterias, favorece la producci\u00f3n de compuestos vol\u00e1tiles que ocasionan mal aliento. Y la ingesta de diferentes medicinas &ndash;para hipertensi\u00f3n, el coraz\u00f3n, diabetes, antidepresivos, etc.&ndash; asimismo \u00a0influye en la halitosis, ya que estos tienden a bajar la secreci\u00f3n salival. La saliva ayuda a &ldquo;lavar&rdquo; o remover bacterias y alimentos, y contiene compuestos que ayudan a combatir los \u00e1cidos producidos por las bacterias. <\/p>\n<p>No es com\u00fan que un c\u00e1ncer oral cause halitosis. <\/p>\n<p>\u00a0 <\/p>\n","protected":false},"excerpt":{"rendered":"<p>Cuando el aliento se torna ofensivo para los dem\u00e1s, hasta <a href=\"https:\/\/sertv.gob.pa\/nacionalfm\/halitosis-y-sus-causas\/\"> [&#8230;]<\/a><\/p>\n","protected":false},"author":1,"featured_media":5120,"comment_status":"closed","ping_status":"closed","sticky":false,"template":"","format":"standard","meta":{"footnotes":""},"categories":[5],"tags":[],"class_list":["post-5119","post","type-post","status-publish","format-standard","has-post-thumbnail","hentry","category-salud"],"_links":{"self":[{"href":"https:\/\/sertv.gob.pa\/nacionalfm\/wp-json\/wp\/v2\/posts\/5119","targetHints":{"allow":["GET"]}}],"collection":[{"href":"https:\/\/sertv.gob.pa\/nacionalfm\/wp-json\/wp\/v2\/posts"}],"about":[{"href":"https:\/\/sertv.gob.pa\/nacionalfm\/wp-json\/wp\/v2\/types\/post"}],"author":[{"embeddable":true,"href":"https:\/\/sertv.gob.pa\/nacionalfm\/wp-json\/wp\/v2\/users\/1"}],"replies":[{"embeddable":true,"href":"https:\/\/sertv.gob.pa\/nacionalfm\/wp-json\/wp\/v2\/comments?post=5119"}],"version-history":[{"count":0,"href":"https:\/\/sertv.gob.pa\/nacionalfm\/wp-json\/wp\/v2\/posts\/5119\/revisions"}],"wp:featuredmedia":[{"embeddable":true,"href":"https:\/\/sertv.gob.pa\/nacionalfm\/wp-json\/wp\/v2\/media\/5120"}],"wp:attachment":[{"href":"https:\/\/sertv.gob.pa\/nacionalfm\/wp-json\/wp\/v2\/media?parent=5119"}],"wp:term":[{"taxonomy":"category","embeddable":true,"href":"https:\/\/sertv.gob.pa\/nacionalfm\/wp-json\/wp\/v2\/categories?post=5119"},{"taxonomy":"post_tag","embeddable":true,"href":"https:\/\/sertv.gob.pa\/nacionalfm\/wp-json\/wp\/v2\/tags?post=5119"}],"curies":[{"name":"wp","href":"https:\/\/api.w.org\/{rel}","templated":true}]}}