{"id":5127,"date":"2015-04-21T15:28:00","date_gmt":"2015-04-21T15:28:00","guid":{"rendered":""},"modified":"2015-04-21T15:28:00","modified_gmt":"2015-04-21T15:28:00","slug":"a-200-casos-alcanza-el-autismo-en-colon","status":"publish","type":"post","link":"https:\/\/sertv.gob.pa\/nacionalfm\/a-200-casos-alcanza-el-autismo-en-colon\/","title":{"rendered":"A 200 casos alcanza el autismo en Col\u00f3n"},"content":{"rendered":"<p>\nCerca de\u00a0 200 colonenses se les ha diagnosticado autismo, inform\u00f3 el psic\u00f3logo Ra\u00fal Anton\u00edo, del centro de rehabilitaci\u00f3n El Buen Samaritano, que opera en la ciudad de Col\u00f3n. <\/p>\n<p>Este es un trastorno del desarrollo neurol\u00f3gico que se caracteriza porque se altera la interacci\u00f3n social, la comunicaci\u00f3n oral y gestual, en tanto que el individuo asume comportamientos restringidos y repetitivos. <\/p>\n<p>Por ello, en la provincia de Col\u00f3n adquiere inter\u00e9s, tanto en el sector p\u00fablico como privado, divulgar este mal para detectar a tiempo a las personas que reflejen estos s\u00edntomas. <\/p>\n<p>Mirna Le\u00f3n de Meza, quien dirige un programa de Salud Integral para personas con discapacidad, explic\u00f3 que este mal no tiene cura. Por ello, insisti\u00f3, es importante detectarlo a tiempo, para tratarlo y que el afectado pueda desempe\u00f1arse lo m\u00e1s normal posible en su integraci\u00f3n a la comunidad. <\/p>\n","protected":false},"excerpt":{"rendered":"<p>Cerca de\u00a0 200 colonenses se les ha diagnosticado autismo, inform\u00f3 <a href=\"https:\/\/sertv.gob.pa\/nacionalfm\/a-200-casos-alcanza-el-autismo-en-colon\/\"> [&#8230;]<\/a><\/p>\n","protected":false},"author":1,"featured_media":5128,"comment_status":"closed","ping_status":"closed","sticky":false,"template":"","format":"standard","meta":{"footnotes":""},"categories":[5],"tags":[],"class_list":["post-5127","post","type-post","status-publish","format-standard","has-post-thumbnail","hentry","category-salud"],"_links":{"self":[{"href":"https:\/\/sertv.gob.pa\/nacionalfm\/wp-json\/wp\/v2\/posts\/5127","targetHints":{"allow":["GET"]}}],"collection":[{"href":"https:\/\/sertv.gob.pa\/nacionalfm\/wp-json\/wp\/v2\/posts"}],"about":[{"href":"https:\/\/sertv.gob.pa\/nacionalfm\/wp-json\/wp\/v2\/types\/post"}],"author":[{"embeddable":true,"href":"https:\/\/sertv.gob.pa\/nacionalfm\/wp-json\/wp\/v2\/users\/1"}],"replies":[{"embeddable":true,"href":"https:\/\/sertv.gob.pa\/nacionalfm\/wp-json\/wp\/v2\/comments?post=5127"}],"version-history":[{"count":0,"href":"https:\/\/sertv.gob.pa\/nacionalfm\/wp-json\/wp\/v2\/posts\/5127\/revisions"}],"wp:featuredmedia":[{"embeddable":true,"href":"https:\/\/sertv.gob.pa\/nacionalfm\/wp-json\/wp\/v2\/media\/5128"}],"wp:attachment":[{"href":"https:\/\/sertv.gob.pa\/nacionalfm\/wp-json\/wp\/v2\/media?parent=5127"}],"wp:term":[{"taxonomy":"category","embeddable":true,"href":"https:\/\/sertv.gob.pa\/nacionalfm\/wp-json\/wp\/v2\/categories?post=5127"},{"taxonomy":"post_tag","embeddable":true,"href":"https:\/\/sertv.gob.pa\/nacionalfm\/wp-json\/wp\/v2\/tags?post=5127"}],"curies":[{"name":"wp","href":"https:\/\/api.w.org\/{rel}","templated":true}]}}