{"id":5131,"date":"2015-04-21T18:15:50","date_gmt":"2015-04-21T18:15:50","guid":{"rendered":""},"modified":"2015-04-21T18:15:50","modified_gmt":"2015-04-21T18:15:50","slug":"refuerza-tu-poder-vacunate","status":"publish","type":"post","link":"https:\/\/sertv.gob.pa\/nacionalfm\/refuerza-tu-poder-vacunate\/","title":{"rendered":"\u201cRefuerza tu poder: Vac\u00fanate\u201d"},"content":{"rendered":"<p>\nDurante la Semana de Vacunaci\u00f3n de las Am\u00e9ricas, que se llevar\u00e1 a cabo en todo el pa\u00eds del 23 al 30 de abril, \u00a0con el lema:  &ldquo;Refuerza tu poder: Vac\u00fanate&rdquo;,  la Regi\u00f3n de Salud de San Miguelito cubrir\u00e1 las comunidades Suntracs y Altos del LIrio, en el Corregimiento Ernesto C\u00f3rdoba. <\/p>\n<p>El director de la Regi\u00f3n de Salud de San Miguelito, Juan Biebarach, se\u00f1al\u00f3 que este a\u00f1o se han escogido estas comunidades, para realizar esta jornada, por mantener una cobertura baja de vacunaci\u00f3n y una \u00a0tasa de desnutrici\u00f3n moderada. <\/p>\n<p>Unas 20 enfermeras que laboran en los seis centros de salud del distrito de San Miguelito y 50 de la Caja de Seguro Social (CSS) participaran de esta actividad casa por casa y cubrir\u00e1 a una poblaci\u00f3n de 7 mil 394, entre ni\u00f1os menores de 1 a\u00f1o, adultos mayores, mujeres embarazadas y pacientes cr\u00f3nicos. <\/p>\n<p>Entre\u00a0las\u00a0vacunas\u00a0que se inocular\u00e1n est\u00e1n\u00a0las\u00a0de neumococo e influenza, hexavalente, tetravalente, MMR (sarampi\u00f3n, paperas y rub\u00e9ola), MR ( sarampi\u00f3n y rub\u00e9ola),\u00a0 rotavirus, papiloma, neumococo, polio, entre otras, que est\u00e1n dentro del esquema nacional de vacunaci\u00f3n. <\/p>\n<p>La \u00a0Semana\u00a0 de\u00a0 Vacunaci\u00f3n de las Am\u00e9ricas \u00a0est\u00e1 dirigida a los menores de 1 a\u00f1o, de\u00a0 1-4 a\u00f1os, ni\u00f1as de 10 a\u00f1os, mujeres en edad f\u00e9rtil (15-49 a\u00f1os), funcionarios de salud y mayores de 60 a\u00f1os. <\/p>\n<p>El pr\u00f3ximo 23 de abril, la Regi\u00f3n de Salud de San Miguelito har\u00e1 el lanzamiento de la Semana de\u00a0\u00a0 Vacunaci\u00f3n de las Am\u00e9ricas, \u00a0en el Centro de Salud de Torrijos Carter.\u00a0 <\/p>\n<p>\u00a0 <\/p>\n","protected":false},"excerpt":{"rendered":"<p>Durante la Semana de Vacunaci\u00f3n de las Am\u00e9ricas, que se <a href=\"https:\/\/sertv.gob.pa\/nacionalfm\/refuerza-tu-poder-vacunate\/\"> [&#8230;]<\/a><\/p>\n","protected":false},"author":1,"featured_media":5132,"comment_status":"closed","ping_status":"closed","sticky":false,"template":"","format":"standard","meta":{"footnotes":""},"categories":[5],"tags":[],"class_list":["post-5131","post","type-post","status-publish","format-standard","has-post-thumbnail","hentry","category-salud"],"_links":{"self":[{"href":"https:\/\/sertv.gob.pa\/nacionalfm\/wp-json\/wp\/v2\/posts\/5131","targetHints":{"allow":["GET"]}}],"collection":[{"href":"https:\/\/sertv.gob.pa\/nacionalfm\/wp-json\/wp\/v2\/posts"}],"about":[{"href":"https:\/\/sertv.gob.pa\/nacionalfm\/wp-json\/wp\/v2\/types\/post"}],"author":[{"embeddable":true,"href":"https:\/\/sertv.gob.pa\/nacionalfm\/wp-json\/wp\/v2\/users\/1"}],"replies":[{"embeddable":true,"href":"https:\/\/sertv.gob.pa\/nacionalfm\/wp-json\/wp\/v2\/comments?post=5131"}],"version-history":[{"count":0,"href":"https:\/\/sertv.gob.pa\/nacionalfm\/wp-json\/wp\/v2\/posts\/5131\/revisions"}],"wp:featuredmedia":[{"embeddable":true,"href":"https:\/\/sertv.gob.pa\/nacionalfm\/wp-json\/wp\/v2\/media\/5132"}],"wp:attachment":[{"href":"https:\/\/sertv.gob.pa\/nacionalfm\/wp-json\/wp\/v2\/media?parent=5131"}],"wp:term":[{"taxonomy":"category","embeddable":true,"href":"https:\/\/sertv.gob.pa\/nacionalfm\/wp-json\/wp\/v2\/categories?post=5131"},{"taxonomy":"post_tag","embeddable":true,"href":"https:\/\/sertv.gob.pa\/nacionalfm\/wp-json\/wp\/v2\/tags?post=5131"}],"curies":[{"name":"wp","href":"https:\/\/api.w.org\/{rel}","templated":true}]}}