{"id":5145,"date":"2015-04-22T19:46:22","date_gmt":"2015-04-22T19:46:22","guid":{"rendered":""},"modified":"2015-04-22T19:46:22","modified_gmt":"2015-04-22T19:46:22","slug":"colombia-regula-muerte-digna-para-pacientes-terminales","status":"publish","type":"post","link":"https:\/\/sertv.gob.pa\/nacionalfm\/colombia-regula-muerte-digna-para-pacientes-terminales\/","title":{"rendered":"Colombia regula muerte digna para pacientes terminales"},"content":{"rendered":"<p>\nEl M inisterio de Salud de Colombia  public\u00f3 una resoluci\u00f3n en la que regula el procedimiento de muerte digna para pacientes con enfermedades terminales, mayores de edad y que hayan manifestado expresamente su voluntad de someterse a la eutanasia. <\/p>\n<p>El documento fue emitido en cumplimiento de una orden de la  Corte Constitucional de Colombia \u00a0y entr\u00f3 en vigencia a partir de su misma publicaci\u00f3n, seg\u00fan el ministerio. <\/p>\n<p>En la resoluci\u00f3n, se establece que los principales centros de salud deber\u00e1n crear comit\u00e9s conformados por un m\u00e9dico, un psiquiatra y un abogado, que verifiquen la voluntad del paciente de someterse a una muerte asistida y su condici\u00f3n de enfermo terminal que previamente haya recibido o se le hayan ofrecido cuidados paliativos. <\/p>\n<p>La Corte Constitucional, que vela por el cumplimiento de la carta magna en Colombia, hab\u00eda declarado en 1997 la legalidad de la eutanasia en el pa\u00eds. <\/p>\n<p>Sin embargo, la falta de regulaci\u00f3n hab\u00eda impedido el cumplimiento de ese mandato, por lo que en febrero pasado el alto tribunal exhort\u00f3 al Congreso a legislar sobre el tema y fij\u00f3 un plazo al ministerio de Salud para establecer las directrices sobre el procedimiento que deber\u00e1n adoptar las cl\u00ednicas. <\/p>\n<p>Seg\u00fan la resoluci\u00f3n divulgada este martes, el comit\u00e9 que llevar\u00e1 los casos de eutanasia \u00abtendr\u00e1 10 d\u00edas de plazo para verificar la informaci\u00f3n y, luego de confirmar la voluntad del paciente de morir de forma asistida, tendr\u00e1 15 d\u00edas para aplicar el procedimiento o [lo har\u00e1] en la fecha que el paciente lo indique\u00bb. <\/p>\n<p>El presidente de la Conferencia Episcopal de Colombia, Luis Augusto Castro, dijo hoy que la Iglesia cat\u00f3lica seguir\u00e1 considerando que la eutanasia es un crimen y llam\u00f3 al Gobierno y al Congreso a que revisen un protocolo que fija las normas para aplicarla. <\/p>\n<p>\u00abSeguiremos declarando siempre que la eutanasia es un crimen y que la vida nos la dio Dios para administrarla hasta \u00faltimo momento, no para quit\u00e1rnosla, entonces ojal\u00e1 haya una reflexi\u00f3n sobre este tema a nivel del Ministerio de Salud y del Congreso\u00bb, se\u00f1al\u00f3 el prelado a periodistas. <\/p>\n","protected":false},"excerpt":{"rendered":"<p>El M inisterio de Salud de Colombia public\u00f3 una resoluci\u00f3n <a href=\"https:\/\/sertv.gob.pa\/nacionalfm\/colombia-regula-muerte-digna-para-pacientes-terminales\/\"> [&#8230;]<\/a><\/p>\n","protected":false},"author":1,"featured_media":5146,"comment_status":"closed","ping_status":"closed","sticky":false,"template":"","format":"standard","meta":{"footnotes":""},"categories":[5],"tags":[],"class_list":["post-5145","post","type-post","status-publish","format-standard","has-post-thumbnail","hentry","category-salud"],"_links":{"self":[{"href":"https:\/\/sertv.gob.pa\/nacionalfm\/wp-json\/wp\/v2\/posts\/5145","targetHints":{"allow":["GET"]}}],"collection":[{"href":"https:\/\/sertv.gob.pa\/nacionalfm\/wp-json\/wp\/v2\/posts"}],"about":[{"href":"https:\/\/sertv.gob.pa\/nacionalfm\/wp-json\/wp\/v2\/types\/post"}],"author":[{"embeddable":true,"href":"https:\/\/sertv.gob.pa\/nacionalfm\/wp-json\/wp\/v2\/users\/1"}],"replies":[{"embeddable":true,"href":"https:\/\/sertv.gob.pa\/nacionalfm\/wp-json\/wp\/v2\/comments?post=5145"}],"version-history":[{"count":0,"href":"https:\/\/sertv.gob.pa\/nacionalfm\/wp-json\/wp\/v2\/posts\/5145\/revisions"}],"wp:featuredmedia":[{"embeddable":true,"href":"https:\/\/sertv.gob.pa\/nacionalfm\/wp-json\/wp\/v2\/media\/5146"}],"wp:attachment":[{"href":"https:\/\/sertv.gob.pa\/nacionalfm\/wp-json\/wp\/v2\/media?parent=5145"}],"wp:term":[{"taxonomy":"category","embeddable":true,"href":"https:\/\/sertv.gob.pa\/nacionalfm\/wp-json\/wp\/v2\/categories?post=5145"},{"taxonomy":"post_tag","embeddable":true,"href":"https:\/\/sertv.gob.pa\/nacionalfm\/wp-json\/wp\/v2\/tags?post=5145"}],"curies":[{"name":"wp","href":"https:\/\/api.w.org\/{rel}","templated":true}]}}