{"id":5149,"date":"2015-04-23T16:17:58","date_gmt":"2015-04-23T16:17:58","guid":{"rendered":""},"modified":"2015-04-23T16:17:58","modified_gmt":"2015-04-23T16:17:58","slug":"cambios-en-el-consumo-para-una-mejor-salud","status":"publish","type":"post","link":"https:\/\/sertv.gob.pa\/nacionalfm\/cambios-en-el-consumo-para-una-mejor-salud\/","title":{"rendered":"Cambios en el consumo para una mejor salud"},"content":{"rendered":"<p>\nTanto Coca-Cola como McDonald&#8217;s intentan adaptarse a los cambios de comportamiento de los hogares estadounidenses, que reclaman alimentos m\u00e1s sanos y se preocupan por enfermedades como la diabetes y la obesidad. <\/p>\n<p>En Estados Unidos, donde dos de cada tres adultos y uno de cada tres ni\u00f1os son obesos o tienen sobrepeso- la obesidad es un problema de salud p\u00fablica. Y gran parte de la misma es atribuida al consumo excesivo de az\u00facar.\u00a0 <\/p>\n<p>Para mantener su atractivo, Coca-Cola se diversifica. Acaba de comprar actividades de bebidas vegetales y de bebidas proteicas a base de cereales y legumbres en China, luego de quedarse con una participaci\u00f3n de 16% en Monster, el productor de bebidas energizantes, confeccionadas a base de cafe\u00edna o taurina. <\/p>\n<p>Por su parte, McDonald&#8217;s, a\u00fan afectado por un esc\u00e1ndalo sanitario en Asia, decidi\u00f3 suspender por ahora la apertura de nuevos restaurantes y concentrarse en la calidad de los alimentos que sirve. <\/p>\n<p>\u00a0 <\/p>\n","protected":false},"excerpt":{"rendered":"<p>Tanto Coca-Cola como McDonald&#8217;s intentan adaptarse a los cambios de <a href=\"https:\/\/sertv.gob.pa\/nacionalfm\/cambios-en-el-consumo-para-una-mejor-salud\/\"> [&#8230;]<\/a><\/p>\n","protected":false},"author":1,"featured_media":5150,"comment_status":"closed","ping_status":"closed","sticky":false,"template":"","format":"standard","meta":{"footnotes":""},"categories":[5],"tags":[],"class_list":["post-5149","post","type-post","status-publish","format-standard","has-post-thumbnail","hentry","category-salud"],"_links":{"self":[{"href":"https:\/\/sertv.gob.pa\/nacionalfm\/wp-json\/wp\/v2\/posts\/5149","targetHints":{"allow":["GET"]}}],"collection":[{"href":"https:\/\/sertv.gob.pa\/nacionalfm\/wp-json\/wp\/v2\/posts"}],"about":[{"href":"https:\/\/sertv.gob.pa\/nacionalfm\/wp-json\/wp\/v2\/types\/post"}],"author":[{"embeddable":true,"href":"https:\/\/sertv.gob.pa\/nacionalfm\/wp-json\/wp\/v2\/users\/1"}],"replies":[{"embeddable":true,"href":"https:\/\/sertv.gob.pa\/nacionalfm\/wp-json\/wp\/v2\/comments?post=5149"}],"version-history":[{"count":0,"href":"https:\/\/sertv.gob.pa\/nacionalfm\/wp-json\/wp\/v2\/posts\/5149\/revisions"}],"wp:featuredmedia":[{"embeddable":true,"href":"https:\/\/sertv.gob.pa\/nacionalfm\/wp-json\/wp\/v2\/media\/5150"}],"wp:attachment":[{"href":"https:\/\/sertv.gob.pa\/nacionalfm\/wp-json\/wp\/v2\/media?parent=5149"}],"wp:term":[{"taxonomy":"category","embeddable":true,"href":"https:\/\/sertv.gob.pa\/nacionalfm\/wp-json\/wp\/v2\/categories?post=5149"},{"taxonomy":"post_tag","embeddable":true,"href":"https:\/\/sertv.gob.pa\/nacionalfm\/wp-json\/wp\/v2\/tags?post=5149"}],"curies":[{"name":"wp","href":"https:\/\/api.w.org\/{rel}","templated":true}]}}