{"id":5155,"date":"2015-04-24T15:40:36","date_gmt":"2015-04-24T15:40:36","guid":{"rendered":""},"modified":"2015-04-24T15:40:36","modified_gmt":"2015-04-24T15:40:36","slug":"sueros-para-picaduras-de-escorpiones-llegan-a-panama","status":"publish","type":"post","link":"https:\/\/sertv.gob.pa\/nacionalfm\/sueros-para-picaduras-de-escorpiones-llegan-a-panama\/","title":{"rendered":"Sueros para picaduras de escorpiones llegan a Panam\u00e1"},"content":{"rendered":"<p>\nProcedente de Venezuela ya lleg\u00f3 al pa\u00eds el suero antiescorpi\u00f3nico, necesario para atender estas emergencias en el istmo, seg\u00fan dio a conocer el Ministerio de Salud (Minsa).\u00a0\u00a0 <\/p>\n<p>A trav\u00e9s de la Canciller\u00eda de Panam\u00e1 y la Embajada de Venezuela se logr\u00f3 contactar al Centro de Biotecnolog\u00eda de la Universidad Central de Venezuela y\u00a0&ndash;por valija diplom\u00e1tica&ndash; se logr\u00f3 traer mil 250 viales del suero, detalla una nota de prensa de la entidad. \u00a0 <\/p>\n<p>Seg\u00fan el Minsa, el producto lleg\u00f3 a Panam\u00e1 el mi\u00e9rcoles pasado, luego de \u00a0las negociaciones que se desarrollaron durante la pasada Cumbre de las Am\u00e9ricas entre ambos pa\u00edses. \u00a0 <\/p>\n<p>En el istmo no se contaba con este producto, ya que en Venezuela, el pa\u00eds proveedor, se prohibi\u00f3 su exportaci\u00f3n desde septiembre de 2014. A ra\u00edz de esta prohibici\u00f3n disminuy\u00f3 la capacidad de respuesta del Minsa frente a las emergencias por picaduras de escorpiones, la mayor\u00eda en \u00e1reas boscosas. \u00a0 <\/p>\n<p>La falta del suero ocasion\u00f3 la semana pasada la muerte de una ni\u00f1a en la provincia de Cocl\u00e9. \u00a0 <\/p>\n<p>\u00a0 <\/p>\n","protected":false},"excerpt":{"rendered":"<p>Procedente de Venezuela ya lleg\u00f3 al pa\u00eds el suero antiescorpi\u00f3nico, <a href=\"https:\/\/sertv.gob.pa\/nacionalfm\/sueros-para-picaduras-de-escorpiones-llegan-a-panama\/\"> [&#8230;]<\/a><\/p>\n","protected":false},"author":1,"featured_media":5156,"comment_status":"closed","ping_status":"closed","sticky":false,"template":"","format":"standard","meta":{"footnotes":""},"categories":[5],"tags":[],"class_list":["post-5155","post","type-post","status-publish","format-standard","has-post-thumbnail","hentry","category-salud"],"_links":{"self":[{"href":"https:\/\/sertv.gob.pa\/nacionalfm\/wp-json\/wp\/v2\/posts\/5155","targetHints":{"allow":["GET"]}}],"collection":[{"href":"https:\/\/sertv.gob.pa\/nacionalfm\/wp-json\/wp\/v2\/posts"}],"about":[{"href":"https:\/\/sertv.gob.pa\/nacionalfm\/wp-json\/wp\/v2\/types\/post"}],"author":[{"embeddable":true,"href":"https:\/\/sertv.gob.pa\/nacionalfm\/wp-json\/wp\/v2\/users\/1"}],"replies":[{"embeddable":true,"href":"https:\/\/sertv.gob.pa\/nacionalfm\/wp-json\/wp\/v2\/comments?post=5155"}],"version-history":[{"count":0,"href":"https:\/\/sertv.gob.pa\/nacionalfm\/wp-json\/wp\/v2\/posts\/5155\/revisions"}],"wp:featuredmedia":[{"embeddable":true,"href":"https:\/\/sertv.gob.pa\/nacionalfm\/wp-json\/wp\/v2\/media\/5156"}],"wp:attachment":[{"href":"https:\/\/sertv.gob.pa\/nacionalfm\/wp-json\/wp\/v2\/media?parent=5155"}],"wp:term":[{"taxonomy":"category","embeddable":true,"href":"https:\/\/sertv.gob.pa\/nacionalfm\/wp-json\/wp\/v2\/categories?post=5155"},{"taxonomy":"post_tag","embeddable":true,"href":"https:\/\/sertv.gob.pa\/nacionalfm\/wp-json\/wp\/v2\/tags?post=5155"}],"curies":[{"name":"wp","href":"https:\/\/api.w.org\/{rel}","templated":true}]}}