{"id":5165,"date":"2015-04-27T16:08:43","date_gmt":"2015-04-27T16:08:43","guid":{"rendered":""},"modified":"2015-04-27T16:08:43","modified_gmt":"2015-04-27T16:08:43","slug":"un-minuto-de-silencio-este-miercoles-29-de-abril","status":"publish","type":"post","link":"https:\/\/sertv.gob.pa\/nacionalfm\/un-minuto-de-silencio-este-miercoles-29-de-abril\/","title":{"rendered":"Un minuto de silencio este mi\u00e9rcoles 29 de abril"},"content":{"rendered":"<p>\nEste mi\u00e9rcoles 29 de abril, cuando las manecillas del reloj apunten que son las 2:15 p.m., se espera que en 44 pa\u00edses, entre ellos Panam\u00e1, reine el  silencio , al menos, durante 60 segundos. <\/p>\n<p>Eso es lo que propone el   Center for Heating and Communications  \u00a0de Estados Unidos, con motivo del  D\u00eda Internacional de Conciencia sobre el Ruido . <\/p>\n<p>Esta iniciativa, que internacionalmente se celebra desde hace 20 a\u00f1os, es organizada en Panam\u00e1 por la   Fundaci\u00f3n O\u00edr es Vivir  \u00a0en su cuarta versi\u00f3n, afirma su presidenta Giovanna Troncoso. <\/p>\n<p>La idea de guardar un minuto de silencio tiene como objetivo disminuir el ruido, y con esto, reducir sus efectos nocivos para la salud general y auditiva. <\/p>\n<p>Se estima que en Panam\u00e1 un 15% de la poblaci\u00f3n padece alg\u00fan tipo de p\u00e9rdida auditiva, estima Troncoso, quien recalca que el mi\u00e9rcoles 29 los miembros de la  Fundaci\u00f3n O\u00edr   es Vivir  ofrecer\u00e1n la jornada laboral para hacer  tamizajes auditivos gratuitos  a las personas que visiten sus instalaciones en la v\u00eda Fern\u00e1ndez de C\u00f3rdoba, en plaza C\u00f3rdoba, arriba de la Autoridad del Consumidor y Defensa de la Competencia, en horario de 8:00 a.m. a 5:00 p.m. <\/p>\n<p>\u00a0 <\/p>\n<p>\u00a0 <\/p>\n","protected":false},"excerpt":{"rendered":"<p>Este mi\u00e9rcoles 29 de abril, cuando las manecillas del reloj <a href=\"https:\/\/sertv.gob.pa\/nacionalfm\/un-minuto-de-silencio-este-miercoles-29-de-abril\/\"> [&#8230;]<\/a><\/p>\n","protected":false},"author":1,"featured_media":5166,"comment_status":"closed","ping_status":"closed","sticky":false,"template":"","format":"standard","meta":{"footnotes":""},"categories":[5],"tags":[],"class_list":["post-5165","post","type-post","status-publish","format-standard","has-post-thumbnail","hentry","category-salud"],"_links":{"self":[{"href":"https:\/\/sertv.gob.pa\/nacionalfm\/wp-json\/wp\/v2\/posts\/5165","targetHints":{"allow":["GET"]}}],"collection":[{"href":"https:\/\/sertv.gob.pa\/nacionalfm\/wp-json\/wp\/v2\/posts"}],"about":[{"href":"https:\/\/sertv.gob.pa\/nacionalfm\/wp-json\/wp\/v2\/types\/post"}],"author":[{"embeddable":true,"href":"https:\/\/sertv.gob.pa\/nacionalfm\/wp-json\/wp\/v2\/users\/1"}],"replies":[{"embeddable":true,"href":"https:\/\/sertv.gob.pa\/nacionalfm\/wp-json\/wp\/v2\/comments?post=5165"}],"version-history":[{"count":0,"href":"https:\/\/sertv.gob.pa\/nacionalfm\/wp-json\/wp\/v2\/posts\/5165\/revisions"}],"wp:featuredmedia":[{"embeddable":true,"href":"https:\/\/sertv.gob.pa\/nacionalfm\/wp-json\/wp\/v2\/media\/5166"}],"wp:attachment":[{"href":"https:\/\/sertv.gob.pa\/nacionalfm\/wp-json\/wp\/v2\/media?parent=5165"}],"wp:term":[{"taxonomy":"category","embeddable":true,"href":"https:\/\/sertv.gob.pa\/nacionalfm\/wp-json\/wp\/v2\/categories?post=5165"},{"taxonomy":"post_tag","embeddable":true,"href":"https:\/\/sertv.gob.pa\/nacionalfm\/wp-json\/wp\/v2\/tags?post=5165"}],"curies":[{"name":"wp","href":"https:\/\/api.w.org\/{rel}","templated":true}]}}