{"id":517,"date":"2014-07-24T05:00:00","date_gmt":"2014-07-24T05:00:00","guid":{"rendered":""},"modified":"2014-07-24T05:00:00","modified_gmt":"2014-07-24T05:00:00","slug":"pildoras-contra-vih-previenen-infeccion","status":"publish","type":"post","link":"https:\/\/sertv.gob.pa\/nacionalfm\/pildoras-contra-vih-previenen-infeccion\/","title":{"rendered":"P\u00edldoras contra VIH previenen infecci\u00f3n"},"content":{"rendered":"<p>\nHay m\u00e1s buenas noticias sobre las p\u00edldoras para prevenir infecci\u00f3n del VIH en personas en alto riesgo de contraer el virus que ocasiona el sida. <\/p>\n<p>El estudio fue discutido \u00a0en la Conferencia Internacional sobre sida en Melbourne, Australia. Y fue publicado por la revista brit\u00e1nica Lancet Infectious Diseases.\u00a0 <\/p>\n<p>El estudio involucr\u00f3 a 1.600 hombres gay y mujeres transg\u00e9nero que participaron en el estudio original que mostr\u00f3 que el uso diario de Truvada disminuye el riesgo de contraer VIH.\u00a0 Luego de concluir el estudio, se les ofreci\u00f3 a los participantes la oportunidad de seguir recibiendo las p\u00edldoras gratis y tres cuartas partes de ellos aceptaron. <\/p>\n<p>Todos fueron estudiados por otros 17 meses. Ninguno de los que tom\u00f3 las p\u00edldoras por al menos cuatro d\u00edas a la semana result\u00f3 infectado. Incluso el uso de la p\u00edldora dos o tres veces a la semana redujo el riesgo de infecci\u00f3n comparado con tomarla con menos frecuencia o no tomarla.\u00a0 <\/p>\n<p>Los autores del estudio pod\u00edan determinar la frecuencia con que se tom\u00f3 la medicina porque realizaron mediciones en las muestras de sangre. \u00abEstamos alentados\u00bb, dijo el doctor Robert Grant, experto de sida en los Institutos Gladstone, una fundaci\u00f3n afiliada con la Universidad de California en San Francisco.\u00a0 <\/p>\n<p>\u00abExiste una demanda, hay tolerancia de dosis olvidadas. Y es segura\u00bb. Mitchell Warren, que dirige un grupo sin fines de lucro que trabaja para la prevenci\u00f3n del VIH, dijo en un mensaje electr\u00f3nico desde Melbourne que es claro ahora que \u00abel enfoque da resultados, y debe estar disponible ahora para personas en riesgo, como parte una combinaci\u00f3n de prevenci\u00f3n de alto impacto\u00bb.\u00a0 <\/p>\n<p>Los condones siguen siendo la mejor forma de combatir la infecci\u00f3n, pero no todo el mundo los usa todo el tiempo, por lo que funcionarios de salud recomiendan otras opciones para ciertos grupos, tales como hombres homosexuales.\u00a0\u00a0 @nacionalFm <\/p>\n","protected":false},"excerpt":{"rendered":"<p>Hay m\u00e1s buenas noticias sobre las p\u00edldoras para prevenir infecci\u00f3n <a href=\"https:\/\/sertv.gob.pa\/nacionalfm\/pildoras-contra-vih-previenen-infeccion\/\"> [&#8230;]<\/a><\/p>\n","protected":false},"author":1,"featured_media":518,"comment_status":"closed","ping_status":"closed","sticky":false,"template":"","format":"standard","meta":{"footnotes":""},"categories":[5],"tags":[],"class_list":["post-517","post","type-post","status-publish","format-standard","has-post-thumbnail","hentry","category-salud"],"_links":{"self":[{"href":"https:\/\/sertv.gob.pa\/nacionalfm\/wp-json\/wp\/v2\/posts\/517","targetHints":{"allow":["GET"]}}],"collection":[{"href":"https:\/\/sertv.gob.pa\/nacionalfm\/wp-json\/wp\/v2\/posts"}],"about":[{"href":"https:\/\/sertv.gob.pa\/nacionalfm\/wp-json\/wp\/v2\/types\/post"}],"author":[{"embeddable":true,"href":"https:\/\/sertv.gob.pa\/nacionalfm\/wp-json\/wp\/v2\/users\/1"}],"replies":[{"embeddable":true,"href":"https:\/\/sertv.gob.pa\/nacionalfm\/wp-json\/wp\/v2\/comments?post=517"}],"version-history":[{"count":0,"href":"https:\/\/sertv.gob.pa\/nacionalfm\/wp-json\/wp\/v2\/posts\/517\/revisions"}],"wp:featuredmedia":[{"embeddable":true,"href":"https:\/\/sertv.gob.pa\/nacionalfm\/wp-json\/wp\/v2\/media\/518"}],"wp:attachment":[{"href":"https:\/\/sertv.gob.pa\/nacionalfm\/wp-json\/wp\/v2\/media?parent=517"}],"wp:term":[{"taxonomy":"category","embeddable":true,"href":"https:\/\/sertv.gob.pa\/nacionalfm\/wp-json\/wp\/v2\/categories?post=517"},{"taxonomy":"post_tag","embeddable":true,"href":"https:\/\/sertv.gob.pa\/nacionalfm\/wp-json\/wp\/v2\/tags?post=517"}],"curies":[{"name":"wp","href":"https:\/\/api.w.org\/{rel}","templated":true}]}}