{"id":5177,"date":"2015-04-28T16:13:15","date_gmt":"2015-04-28T16:13:15","guid":{"rendered":""},"modified":"2015-04-28T16:13:15","modified_gmt":"2015-04-28T16:13:15","slug":"a-inicios-de-mayo-llegara-orden-de-medicamentos-para-css","status":"publish","type":"post","link":"https:\/\/sertv.gob.pa\/nacionalfm\/a-inicios-de-mayo-llegara-orden-de-medicamentos-para-css\/","title":{"rendered":"A inicios de mayo llegar\u00e1 orden de medicamentos para CSS"},"content":{"rendered":"<p>\nPara inicios del mes de mayo llegar\u00e1 la orden de medicamentos, asegur\u00f3 el director de la Caja del Seguro Social (CSS), Estivenson Gir\u00f3n, quien admiti\u00f3 en un medio televisivo la falta de insumos y explic\u00f3 que esto se debe a los procesos burocr\u00e1ticos que deben cumplir. \u00a0 <\/p>\n<p>Gir\u00f3n detall\u00f3 que actualmente en el Complejo Hospitalario Arnulfo Arias Madrid hay 22 quir\u00f3fanos funcionando. Seg\u00fan Gir\u00f3n estos quir\u00f3fanos no tienen las condiciones que se requiere, hay pisos y paredes con ranuras, \u00a0lo cual debe arreglarse. <\/p>\n<p>\u00a0 <\/p>\n","protected":false},"excerpt":{"rendered":"<p>Para inicios del mes de mayo llegar\u00e1 la orden de <a href=\"https:\/\/sertv.gob.pa\/nacionalfm\/a-inicios-de-mayo-llegara-orden-de-medicamentos-para-css\/\"> [&#8230;]<\/a><\/p>\n","protected":false},"author":1,"featured_media":5178,"comment_status":"closed","ping_status":"closed","sticky":false,"template":"","format":"standard","meta":{"footnotes":""},"categories":[5],"tags":[],"class_list":["post-5177","post","type-post","status-publish","format-standard","has-post-thumbnail","hentry","category-salud"],"_links":{"self":[{"href":"https:\/\/sertv.gob.pa\/nacionalfm\/wp-json\/wp\/v2\/posts\/5177","targetHints":{"allow":["GET"]}}],"collection":[{"href":"https:\/\/sertv.gob.pa\/nacionalfm\/wp-json\/wp\/v2\/posts"}],"about":[{"href":"https:\/\/sertv.gob.pa\/nacionalfm\/wp-json\/wp\/v2\/types\/post"}],"author":[{"embeddable":true,"href":"https:\/\/sertv.gob.pa\/nacionalfm\/wp-json\/wp\/v2\/users\/1"}],"replies":[{"embeddable":true,"href":"https:\/\/sertv.gob.pa\/nacionalfm\/wp-json\/wp\/v2\/comments?post=5177"}],"version-history":[{"count":0,"href":"https:\/\/sertv.gob.pa\/nacionalfm\/wp-json\/wp\/v2\/posts\/5177\/revisions"}],"wp:featuredmedia":[{"embeddable":true,"href":"https:\/\/sertv.gob.pa\/nacionalfm\/wp-json\/wp\/v2\/media\/5178"}],"wp:attachment":[{"href":"https:\/\/sertv.gob.pa\/nacionalfm\/wp-json\/wp\/v2\/media?parent=5177"}],"wp:term":[{"taxonomy":"category","embeddable":true,"href":"https:\/\/sertv.gob.pa\/nacionalfm\/wp-json\/wp\/v2\/categories?post=5177"},{"taxonomy":"post_tag","embeddable":true,"href":"https:\/\/sertv.gob.pa\/nacionalfm\/wp-json\/wp\/v2\/tags?post=5177"}],"curies":[{"name":"wp","href":"https:\/\/api.w.org\/{rel}","templated":true}]}}