{"id":5189,"date":"2015-04-29T20:54:17","date_gmt":"2015-04-29T20:54:17","guid":{"rendered":""},"modified":"2015-04-29T20:54:17","modified_gmt":"2015-04-29T20:54:17","slug":"casi-22-millones-de-ninos-no-reciben-vacunas","status":"publish","type":"post","link":"https:\/\/sertv.gob.pa\/nacionalfm\/casi-22-millones-de-ninos-no-reciben-vacunas\/","title":{"rendered":"Casi 22 millones de ni\u00f1os no reciben vacunas"},"content":{"rendered":"<p>\nLa Organizaci\u00f3n Mundial de la Salud (OMS) inform\u00f3 que los avances hacia los objetivos de vacunaci\u00f3n mundial para 2015 est\u00e1n lejos de lograrse cuando uno de cada cinco ni\u00f1os del mundo todav\u00eda no participa de la rutina de las vitales inmunizaciones. <\/p>\n<p>El deprimente informe de la OMS coincide con la Semana Mundial de la Inmunizaci\u00f3n que se celebra del 24 al 30 de abril. <\/p>\n<p>Cerca de 1,5 millones de muertes por enfermedades prevenibles podr\u00edan evitarse cada a\u00f1o y la OMS est\u00e1 pidiendo que se redoblen los esfuerzos para recuperar los avances en todo el mundo, dijo el vocero de la ONU, Stephane Dujarric, en la conferencia de prensa diaria. <\/p>\n<p>En 2013, cerca de 22 millones de ni\u00f1os no recibieron las tres dosis requeridas de las vacunas contra la difteria, t\u00e9tanos y la tosferina (DTP3, por sus siglas en ingl\u00e9s), muchos de los cuales viven en los pa\u00edses m\u00e1s pobres del mundo. <\/p>\n<p>La OMS asimismo est\u00e1 pidiendo el fin de la discapacidad y las muertes innecesarias ocasionadas por la falta de vacunas. <\/p>\n<p>\u00a0 <\/p>\n","protected":false},"excerpt":{"rendered":"<p>La Organizaci\u00f3n Mundial de la Salud (OMS) inform\u00f3 que los <a href=\"https:\/\/sertv.gob.pa\/nacionalfm\/casi-22-millones-de-ninos-no-reciben-vacunas\/\"> [&#8230;]<\/a><\/p>\n","protected":false},"author":1,"featured_media":5190,"comment_status":"closed","ping_status":"closed","sticky":false,"template":"","format":"standard","meta":{"footnotes":""},"categories":[5],"tags":[],"class_list":["post-5189","post","type-post","status-publish","format-standard","has-post-thumbnail","hentry","category-salud"],"_links":{"self":[{"href":"https:\/\/sertv.gob.pa\/nacionalfm\/wp-json\/wp\/v2\/posts\/5189","targetHints":{"allow":["GET"]}}],"collection":[{"href":"https:\/\/sertv.gob.pa\/nacionalfm\/wp-json\/wp\/v2\/posts"}],"about":[{"href":"https:\/\/sertv.gob.pa\/nacionalfm\/wp-json\/wp\/v2\/types\/post"}],"author":[{"embeddable":true,"href":"https:\/\/sertv.gob.pa\/nacionalfm\/wp-json\/wp\/v2\/users\/1"}],"replies":[{"embeddable":true,"href":"https:\/\/sertv.gob.pa\/nacionalfm\/wp-json\/wp\/v2\/comments?post=5189"}],"version-history":[{"count":0,"href":"https:\/\/sertv.gob.pa\/nacionalfm\/wp-json\/wp\/v2\/posts\/5189\/revisions"}],"wp:featuredmedia":[{"embeddable":true,"href":"https:\/\/sertv.gob.pa\/nacionalfm\/wp-json\/wp\/v2\/media\/5190"}],"wp:attachment":[{"href":"https:\/\/sertv.gob.pa\/nacionalfm\/wp-json\/wp\/v2\/media?parent=5189"}],"wp:term":[{"taxonomy":"category","embeddable":true,"href":"https:\/\/sertv.gob.pa\/nacionalfm\/wp-json\/wp\/v2\/categories?post=5189"},{"taxonomy":"post_tag","embeddable":true,"href":"https:\/\/sertv.gob.pa\/nacionalfm\/wp-json\/wp\/v2\/tags?post=5189"}],"curies":[{"name":"wp","href":"https:\/\/api.w.org\/{rel}","templated":true}]}}