{"id":519,"date":"2014-07-24T05:00:00","date_gmt":"2014-07-24T05:00:00","guid":{"rendered":""},"modified":"2014-07-24T05:00:00","modified_gmt":"2014-07-24T05:00:00","slug":"posible-primer-caso-de-ebola-en-nigeria","status":"publish","type":"post","link":"https:\/\/sertv.gob.pa\/nacionalfm\/posible-primer-caso-de-ebola-en-nigeria\/","title":{"rendered":"Posible primer caso de \u00e9bola en Nigeria"},"content":{"rendered":"<p>\nEn Nigeria un hombre liberio est\u00e1 siendo sometido a pruebas para determinar si tiene el virus del \u00e9bola. En caso de que los resultados fueran positivos, \u00e9ste ser\u00eda el primer caso de la enfermedad en el pa\u00eds. <\/p>\n<p>Las muestras de sangre extra\u00eddas fueron enviadas al laboratorio de la Organizaci\u00f3n Mundial de la Salud en Dakar, Senegal. El paciente se encuentra aislado y su situaci\u00f3n es estable. <\/p>\n<p>El hombre lleg\u00f3 a la ciudad de Lagos (Nigeria) procedente de Monrovia, la capital de Liberia. <\/p>\n<p>La asesora especial de salud de Lagos, Yewande Adesina, expres\u00f3 que no quieren correr riesgos y que est\u00e1n tratando el caso como si hubiera sido confirmado. <\/p>\n<p>Desde que se detect\u00f3 el \u00faltimo brote en febrero, el \u00e9bola ha ocasionado 632 muertes en Guinea, Liberia y Sierra Leona. <\/p>\n<p>Se supo que el m\u00e9dico encargado de la lucha contra el virus del \u00e9bola en Sierra Leona, Sheik Umar Khan, contrajo igualmente la enfermedad.\u00a0 @nacionalFm <\/p>\n<p>\u00a0 <\/p>\n","protected":false},"excerpt":{"rendered":"<p>En Nigeria un hombre liberio est\u00e1 siendo sometido a pruebas <a href=\"https:\/\/sertv.gob.pa\/nacionalfm\/posible-primer-caso-de-ebola-en-nigeria\/\"> [&#8230;]<\/a><\/p>\n","protected":false},"author":1,"featured_media":520,"comment_status":"closed","ping_status":"closed","sticky":false,"template":"","format":"standard","meta":{"footnotes":""},"categories":[5],"tags":[],"class_list":["post-519","post","type-post","status-publish","format-standard","has-post-thumbnail","hentry","category-salud"],"_links":{"self":[{"href":"https:\/\/sertv.gob.pa\/nacionalfm\/wp-json\/wp\/v2\/posts\/519","targetHints":{"allow":["GET"]}}],"collection":[{"href":"https:\/\/sertv.gob.pa\/nacionalfm\/wp-json\/wp\/v2\/posts"}],"about":[{"href":"https:\/\/sertv.gob.pa\/nacionalfm\/wp-json\/wp\/v2\/types\/post"}],"author":[{"embeddable":true,"href":"https:\/\/sertv.gob.pa\/nacionalfm\/wp-json\/wp\/v2\/users\/1"}],"replies":[{"embeddable":true,"href":"https:\/\/sertv.gob.pa\/nacionalfm\/wp-json\/wp\/v2\/comments?post=519"}],"version-history":[{"count":0,"href":"https:\/\/sertv.gob.pa\/nacionalfm\/wp-json\/wp\/v2\/posts\/519\/revisions"}],"wp:featuredmedia":[{"embeddable":true,"href":"https:\/\/sertv.gob.pa\/nacionalfm\/wp-json\/wp\/v2\/media\/520"}],"wp:attachment":[{"href":"https:\/\/sertv.gob.pa\/nacionalfm\/wp-json\/wp\/v2\/media?parent=519"}],"wp:term":[{"taxonomy":"category","embeddable":true,"href":"https:\/\/sertv.gob.pa\/nacionalfm\/wp-json\/wp\/v2\/categories?post=519"},{"taxonomy":"post_tag","embeddable":true,"href":"https:\/\/sertv.gob.pa\/nacionalfm\/wp-json\/wp\/v2\/tags?post=519"}],"curies":[{"name":"wp","href":"https:\/\/api.w.org\/{rel}","templated":true}]}}