{"id":5195,"date":"2015-04-30T16:30:14","date_gmt":"2015-04-30T16:30:14","guid":{"rendered":""},"modified":"2015-04-30T16:30:14","modified_gmt":"2015-04-30T16:30:14","slug":"en-francia-llevan-a-cabo-tercer-implante-de-corazon-artificial","status":"publish","type":"post","link":"https:\/\/sertv.gob.pa\/nacionalfm\/en-francia-llevan-a-cabo-tercer-implante-de-corazon-artificial\/","title":{"rendered":"En Francia llevan a cabo tercer implante de coraz\u00f3n artificial"},"content":{"rendered":"<p>\nEn Paris, cirujanos franceses realizaron este mes un tercer implante de coraz\u00f3n artificial, declar\u00f3 a  AFP  uno de los m\u00e9dicos que particip\u00f3 en la operaci\u00f3n. <\/p>\n<p>Se trata de la tercera operaci\u00f3n de esta clase efectuada en Francia, en la que se utiliz\u00f3 una pr\u00f3tesis fabricada por la compa\u00f1\u00eda francesa Carmat. <\/p>\n<p>\u00abLa operaci\u00f3n de implante sali\u00f3 bien. Las cosas evolucionan favorablemente\u00bb, declar\u00f3 el profesor  Daniel Duveau , que particip\u00f3 en la intervenci\u00f3n junto al cirujano  Christian Latr\u00e9mouille  en el hospital europeo  Georges Pompidou . <\/p>\n<p>El profesor Duveau precis\u00f3 que el paciente que hab\u00eda recibido el coraz\u00f3n artificial era septuagenario, pero rechaz\u00f3 desvelar cualquier otro detalle, ateni\u00e9ndose al secreto m\u00e9dico. <\/p>\n<p>\u00abEst\u00e1 tan bien como pod\u00edamos esperar despu\u00e9s de una intervenci\u00f3n as\u00ed\u00bb, declar\u00f3. <\/p>\n<p>\u00abEstamos estudiando un cierto n\u00famero de dosieres de pacientes que podr\u00edan recibir un coraz\u00f3n artificial\u00bb, declar\u00f3 el profesor Duveau. <\/p>\n<p>En cuanto al segundo implante de coraz\u00f3n, el de un hombre de 69 a\u00f1os que se oper\u00f3 en Nantes (oeste de Francia) el pasado agosto, Duveau asegur\u00f3 que el paciente estaba \u00abmuy bien\u00bb. <\/p>\n<p>\u00abFue hospitalizado de nuevo, algo normal, hay visitas de control todas las semanas\u00bb, explic\u00f3 el cirujano y a\u00f1adi\u00f3 que el paciente poco a poco volv\u00eda a su vida normal. <\/p>\n<p>El primer implante tuvo lugar el 18 de diciembre de 2013 en el hospital Pompidou. Tres meses m\u00e1s tarde, el paciente, de 76 a\u00f1os, falleci\u00f3 al dejar de funcionar fortuitamente la pr\u00f3tesis. <\/p>\n<p>\u00a0 <\/p>\n<p>\u00a0 <\/p>\n","protected":false},"excerpt":{"rendered":"<p>En Paris, cirujanos franceses realizaron este mes un tercer implante <a href=\"https:\/\/sertv.gob.pa\/nacionalfm\/en-francia-llevan-a-cabo-tercer-implante-de-corazon-artificial\/\"> [&#8230;]<\/a><\/p>\n","protected":false},"author":1,"featured_media":5196,"comment_status":"closed","ping_status":"closed","sticky":false,"template":"","format":"standard","meta":{"footnotes":""},"categories":[5],"tags":[],"class_list":["post-5195","post","type-post","status-publish","format-standard","has-post-thumbnail","hentry","category-salud"],"_links":{"self":[{"href":"https:\/\/sertv.gob.pa\/nacionalfm\/wp-json\/wp\/v2\/posts\/5195","targetHints":{"allow":["GET"]}}],"collection":[{"href":"https:\/\/sertv.gob.pa\/nacionalfm\/wp-json\/wp\/v2\/posts"}],"about":[{"href":"https:\/\/sertv.gob.pa\/nacionalfm\/wp-json\/wp\/v2\/types\/post"}],"author":[{"embeddable":true,"href":"https:\/\/sertv.gob.pa\/nacionalfm\/wp-json\/wp\/v2\/users\/1"}],"replies":[{"embeddable":true,"href":"https:\/\/sertv.gob.pa\/nacionalfm\/wp-json\/wp\/v2\/comments?post=5195"}],"version-history":[{"count":0,"href":"https:\/\/sertv.gob.pa\/nacionalfm\/wp-json\/wp\/v2\/posts\/5195\/revisions"}],"wp:featuredmedia":[{"embeddable":true,"href":"https:\/\/sertv.gob.pa\/nacionalfm\/wp-json\/wp\/v2\/media\/5196"}],"wp:attachment":[{"href":"https:\/\/sertv.gob.pa\/nacionalfm\/wp-json\/wp\/v2\/media?parent=5195"}],"wp:term":[{"taxonomy":"category","embeddable":true,"href":"https:\/\/sertv.gob.pa\/nacionalfm\/wp-json\/wp\/v2\/categories?post=5195"},{"taxonomy":"post_tag","embeddable":true,"href":"https:\/\/sertv.gob.pa\/nacionalfm\/wp-json\/wp\/v2\/tags?post=5195"}],"curies":[{"name":"wp","href":"https:\/\/api.w.org\/{rel}","templated":true}]}}