{"id":5207,"date":"2015-05-04T19:02:08","date_gmt":"2015-05-04T19:02:08","guid":{"rendered":""},"modified":"2015-05-04T19:02:08","modified_gmt":"2015-05-04T19:02:08","slug":"aprobado-primer-medicamento-para-eliminar-papada-de-la-cara","status":"publish","type":"post","link":"https:\/\/sertv.gob.pa\/nacionalfm\/aprobado-primer-medicamento-para-eliminar-papada-de-la-cara\/","title":{"rendered":"Aprobado primer medicamento para eliminar papada de la cara"},"content":{"rendered":"<p>\nLa Food and Drug Administration (FDA), la agencia estadounidense que otorga permisos a medicamentos y alimentos, concedi\u00f3 su visto bueno para la comercializaci\u00f3n de  Kybella , inyecciones que permitir\u00e1n eliminar el exceso de grasa bajo la barbilla conocida como papada. <\/p>\n<p>De acuerdo con informaci\u00f3n divulgada por esta agencia el tratamiento est\u00e1 recomendado \u00fanicamente para adultos que tenga una papada \u00abmoderadamente grande o excesiva\u00bb. <\/p>\n<p>El f\u00e1rmaco contiene \u00a0\u00e1cido desoxic\u00f3lico, un compuesto que produce el\u00a0h\u00edgado humano para ayudar en la absorci\u00f3n de grasas. <\/p>\n<p>En su recomendaci\u00f3n final, la FDA\u00a0informa a\u00a0las personas interesadas en este tratamiento que las inyecciones \u00abno s\u00f3lo destruyen la grasa de la papada sino que tambi\u00e9n pueden destruir c\u00e9lulas de piel si es mal colocada\u00bb. <\/p>\n<p>Para ver resultados efectivos, los pacientes necesitar\u00e1n de hasta seis inyecciones, a raz\u00f3n de una cada mes. <\/p>\n<p>El creador de este medicamento es Kythera Biopharmaceuticals, localizada en Westlake Village, California. <\/p>\n<p>\u00a0 <\/p>\n","protected":false},"excerpt":{"rendered":"<p>La Food and Drug Administration (FDA), la agencia estadounidense que <a href=\"https:\/\/sertv.gob.pa\/nacionalfm\/aprobado-primer-medicamento-para-eliminar-papada-de-la-cara\/\"> [&#8230;]<\/a><\/p>\n","protected":false},"author":1,"featured_media":5208,"comment_status":"closed","ping_status":"closed","sticky":false,"template":"","format":"standard","meta":{"footnotes":""},"categories":[5],"tags":[],"class_list":["post-5207","post","type-post","status-publish","format-standard","has-post-thumbnail","hentry","category-salud"],"_links":{"self":[{"href":"https:\/\/sertv.gob.pa\/nacionalfm\/wp-json\/wp\/v2\/posts\/5207","targetHints":{"allow":["GET"]}}],"collection":[{"href":"https:\/\/sertv.gob.pa\/nacionalfm\/wp-json\/wp\/v2\/posts"}],"about":[{"href":"https:\/\/sertv.gob.pa\/nacionalfm\/wp-json\/wp\/v2\/types\/post"}],"author":[{"embeddable":true,"href":"https:\/\/sertv.gob.pa\/nacionalfm\/wp-json\/wp\/v2\/users\/1"}],"replies":[{"embeddable":true,"href":"https:\/\/sertv.gob.pa\/nacionalfm\/wp-json\/wp\/v2\/comments?post=5207"}],"version-history":[{"count":0,"href":"https:\/\/sertv.gob.pa\/nacionalfm\/wp-json\/wp\/v2\/posts\/5207\/revisions"}],"wp:featuredmedia":[{"embeddable":true,"href":"https:\/\/sertv.gob.pa\/nacionalfm\/wp-json\/wp\/v2\/media\/5208"}],"wp:attachment":[{"href":"https:\/\/sertv.gob.pa\/nacionalfm\/wp-json\/wp\/v2\/media?parent=5207"}],"wp:term":[{"taxonomy":"category","embeddable":true,"href":"https:\/\/sertv.gob.pa\/nacionalfm\/wp-json\/wp\/v2\/categories?post=5207"},{"taxonomy":"post_tag","embeddable":true,"href":"https:\/\/sertv.gob.pa\/nacionalfm\/wp-json\/wp\/v2\/tags?post=5207"}],"curies":[{"name":"wp","href":"https:\/\/api.w.org\/{rel}","templated":true}]}}