{"id":5211,"date":"2015-05-05T15:04:28","date_gmt":"2015-05-05T15:04:28","guid":{"rendered":""},"modified":"2015-05-05T15:04:28","modified_gmt":"2015-05-05T15:04:28","slug":"en-san-miguelito-reportan-51-casos-de-dengue-y-8-mil-de-diarrea","status":"publish","type":"post","link":"https:\/\/sertv.gob.pa\/nacionalfm\/en-san-miguelito-reportan-51-casos-de-dengue-y-8-mil-de-diarrea\/","title":{"rendered":"En San Miguelito reportan 51 casos de dengue y 8 mil de diarrea"},"content":{"rendered":"<p>\nEn el distrito de San Miguelito se han confirmado unos 51 casos de dengue hasta la semana 15 que comprende del 12 al 18 de abril de 2015. <\/p>\n<p>De este total 92.1% corresponden a casos sin signos de alarma y no se han reportado pacientes hospitalizados a causa de esta enfermedad, en esa semana. <\/p>\n<p>El director de la Regi\u00f3n de Salud de San Miguelito, Juan Biebarach, indic\u00f3 que funcionarios de salud p\u00fablica ambiental y control de vectores del Ministerio de Salud (MINSA) empezaron una jornada de eliminaci\u00f3n de criaderos de mosquitos en todo el pa\u00eds. <\/p>\n<p>Asimismo se realiza una encuesta larvaria casa por casa, con el prop\u00f3sito de saber las zonas con mayor prevalencia de mosquitos y criaderos. <\/p>\n<p>Por otro lado, se\u00f1al\u00f3 que se han registrado 8 mil 615 casos de diarrea en este distrito en lo que va del a\u00f1o. De este total, 2, 883 corresponden a menores de 5 a\u00f1os. <\/p>\n<p>El doctor Biebarach dijo que es importante que la poblaci\u00f3n sea receloso con lo que come en la calle, porque es el principal responsable de su salud. <\/p>\n<p>\u00a0 <\/p>\n","protected":false},"excerpt":{"rendered":"<p>En el distrito de San Miguelito se han confirmado unos <a href=\"https:\/\/sertv.gob.pa\/nacionalfm\/en-san-miguelito-reportan-51-casos-de-dengue-y-8-mil-de-diarrea\/\"> [&#8230;]<\/a><\/p>\n","protected":false},"author":1,"featured_media":5212,"comment_status":"closed","ping_status":"closed","sticky":false,"template":"","format":"standard","meta":{"footnotes":""},"categories":[5],"tags":[],"class_list":["post-5211","post","type-post","status-publish","format-standard","has-post-thumbnail","hentry","category-salud"],"_links":{"self":[{"href":"https:\/\/sertv.gob.pa\/nacionalfm\/wp-json\/wp\/v2\/posts\/5211","targetHints":{"allow":["GET"]}}],"collection":[{"href":"https:\/\/sertv.gob.pa\/nacionalfm\/wp-json\/wp\/v2\/posts"}],"about":[{"href":"https:\/\/sertv.gob.pa\/nacionalfm\/wp-json\/wp\/v2\/types\/post"}],"author":[{"embeddable":true,"href":"https:\/\/sertv.gob.pa\/nacionalfm\/wp-json\/wp\/v2\/users\/1"}],"replies":[{"embeddable":true,"href":"https:\/\/sertv.gob.pa\/nacionalfm\/wp-json\/wp\/v2\/comments?post=5211"}],"version-history":[{"count":0,"href":"https:\/\/sertv.gob.pa\/nacionalfm\/wp-json\/wp\/v2\/posts\/5211\/revisions"}],"wp:featuredmedia":[{"embeddable":true,"href":"https:\/\/sertv.gob.pa\/nacionalfm\/wp-json\/wp\/v2\/media\/5212"}],"wp:attachment":[{"href":"https:\/\/sertv.gob.pa\/nacionalfm\/wp-json\/wp\/v2\/media?parent=5211"}],"wp:term":[{"taxonomy":"category","embeddable":true,"href":"https:\/\/sertv.gob.pa\/nacionalfm\/wp-json\/wp\/v2\/categories?post=5211"},{"taxonomy":"post_tag","embeddable":true,"href":"https:\/\/sertv.gob.pa\/nacionalfm\/wp-json\/wp\/v2\/tags?post=5211"}],"curies":[{"name":"wp","href":"https:\/\/api.w.org\/{rel}","templated":true}]}}