{"id":5223,"date":"2015-05-06T18:43:07","date_gmt":"2015-05-06T18:43:07","guid":{"rendered":""},"modified":"2015-05-06T18:43:07","modified_gmt":"2015-05-06T18:43:07","slug":"mayo-mes-para-concienciacion-del-cancer-de-piel","status":"publish","type":"post","link":"https:\/\/sertv.gob.pa\/nacionalfm\/mayo-mes-para-concienciacion-del-cancer-de-piel\/","title":{"rendered":"Mayo, mes para concienciaci\u00f3n del c\u00e1ncer de piel"},"content":{"rendered":"<p>\nMayo es el mes de la concienciaci\u00f3n, prevenci\u00f3n y detecci\u00f3n en etapa temprana de melanoma y el c\u00e1ncer de piel. <\/p>\n<p>Para saber si un lunar es inofensivo o no, todos los martes de mayo se efect\u00faan ex\u00e1menes gratuitos en la Cl\u00ednica de la Piel Irene Escoffery, localizada en la planta baja del Instituto Oncol\u00f3gico Nacional (ION), desde las 7:00 a.m., como parte de la XIV Campa\u00f1a de Concienciaci\u00f3n y Detecci\u00f3n de Melanoma y C\u00e1ncer de Piel, afirma la dermat\u00f3loga Rosa Espa\u00f1a, del ION. <\/p>\n<p>Esta campa\u00f1a es organizada por FundaC\u00e1ncer, en conjunto con el ION y la Asociaci\u00f3n Paname\u00f1a de Dermatolog\u00eda. <\/p>\n<p>El dermat\u00f3logo Juan Erasmo Gonz\u00e1lez explica que la gen\u00e9tica y la exposici\u00f3n solar son determinantes en los lunares de nacimiento y adquiridos, as\u00ed como en los cambios que estos presenten. <\/p>\n<p>&ldquo;La mayor\u00eda de las personas tiene lunares benignos, que son inofensivos&rdquo;, indica el m\u00e9dico, pero advierte de que se debe estar alerta a los cinco signos de un lunar, que son la clave para determinar si se trata de un lunar benigno o maligno&rdquo;. <\/p>\n","protected":false},"excerpt":{"rendered":"<p>Mayo es el mes de la concienciaci\u00f3n, prevenci\u00f3n y detecci\u00f3n <a href=\"https:\/\/sertv.gob.pa\/nacionalfm\/mayo-mes-para-concienciacion-del-cancer-de-piel\/\"> [&#8230;]<\/a><\/p>\n","protected":false},"author":1,"featured_media":5224,"comment_status":"closed","ping_status":"closed","sticky":false,"template":"","format":"standard","meta":{"footnotes":""},"categories":[5],"tags":[],"class_list":["post-5223","post","type-post","status-publish","format-standard","has-post-thumbnail","hentry","category-salud"],"_links":{"self":[{"href":"https:\/\/sertv.gob.pa\/nacionalfm\/wp-json\/wp\/v2\/posts\/5223","targetHints":{"allow":["GET"]}}],"collection":[{"href":"https:\/\/sertv.gob.pa\/nacionalfm\/wp-json\/wp\/v2\/posts"}],"about":[{"href":"https:\/\/sertv.gob.pa\/nacionalfm\/wp-json\/wp\/v2\/types\/post"}],"author":[{"embeddable":true,"href":"https:\/\/sertv.gob.pa\/nacionalfm\/wp-json\/wp\/v2\/users\/1"}],"replies":[{"embeddable":true,"href":"https:\/\/sertv.gob.pa\/nacionalfm\/wp-json\/wp\/v2\/comments?post=5223"}],"version-history":[{"count":0,"href":"https:\/\/sertv.gob.pa\/nacionalfm\/wp-json\/wp\/v2\/posts\/5223\/revisions"}],"wp:featuredmedia":[{"embeddable":true,"href":"https:\/\/sertv.gob.pa\/nacionalfm\/wp-json\/wp\/v2\/media\/5224"}],"wp:attachment":[{"href":"https:\/\/sertv.gob.pa\/nacionalfm\/wp-json\/wp\/v2\/media?parent=5223"}],"wp:term":[{"taxonomy":"category","embeddable":true,"href":"https:\/\/sertv.gob.pa\/nacionalfm\/wp-json\/wp\/v2\/categories?post=5223"},{"taxonomy":"post_tag","embeddable":true,"href":"https:\/\/sertv.gob.pa\/nacionalfm\/wp-json\/wp\/v2\/tags?post=5223"}],"curies":[{"name":"wp","href":"https:\/\/api.w.org\/{rel}","templated":true}]}}