{"id":5229,"date":"2015-05-06T19:49:45","date_gmt":"2015-05-06T19:49:45","guid":{"rendered":""},"modified":"2015-05-06T19:49:45","modified_gmt":"2015-05-06T19:49:45","slug":"supermercado-en-san-miguelito-sera-cerrado-por-insalubre","status":"publish","type":"post","link":"https:\/\/sertv.gob.pa\/nacionalfm\/supermercado-en-san-miguelito-sera-cerrado-por-insalubre\/","title":{"rendered":"Supermercado en San Miguelito ser\u00e1 cerrado por insalubre"},"content":{"rendered":"<p>\nLa Regional del Ministerio de Salud (MINSA), en el distrito de San Miguelito cerrar\u00e1 temporalmente un Supermercado ubicado en Ojo de Agua hasta que el comercio corrija las anomal\u00edas halladas. <\/p>\n<p>El hecho se dio a ra\u00edz de unas im\u00e1genes que public\u00f3  La Estrella de Panam\u00e1  donde se pod\u00edan ver como un par de ratas se encontraban dentro de la nevera donde guardaban los embutidos, adem\u00e1s de las cucarachas que se paseaban dentro del comercio, poniendo en riesgo la salud de los clientes que a diario compran en este sitio. <\/p>\n<p>\u00abEste supermercado no cumple con las medidas higi\u00e9nicosanitarias, la empresa se ha comprometido hacer todas las mejoras pertinentes\u00bb, se\u00f1al\u00f3 Juan Biebarach, quien hizo un llamado a la poblaci\u00f3n para que denuncien estas anomal\u00edas.\u00a0 <\/p>\n<p>Se pudo conocer que en este local se encontraron criaderos de ratones, mosquitos, moscas, las neveras que usan para guardar los alimentos se encontraban sucias, el personal no ten\u00eda los carn\u00e9s de salud; entre otras anomal\u00edas. <\/p>\n<p>Seg\u00fan fuentes de Salud, no es la primera vez que este supermercado ha sido denunciado por insalubre. <\/p>\n","protected":false},"excerpt":{"rendered":"<p>La Regional del Ministerio de Salud (MINSA), en el distrito <a href=\"https:\/\/sertv.gob.pa\/nacionalfm\/supermercado-en-san-miguelito-sera-cerrado-por-insalubre\/\"> [&#8230;]<\/a><\/p>\n","protected":false},"author":1,"featured_media":5230,"comment_status":"closed","ping_status":"closed","sticky":false,"template":"","format":"standard","meta":{"footnotes":""},"categories":[5],"tags":[],"class_list":["post-5229","post","type-post","status-publish","format-standard","has-post-thumbnail","hentry","category-salud"],"_links":{"self":[{"href":"https:\/\/sertv.gob.pa\/nacionalfm\/wp-json\/wp\/v2\/posts\/5229","targetHints":{"allow":["GET"]}}],"collection":[{"href":"https:\/\/sertv.gob.pa\/nacionalfm\/wp-json\/wp\/v2\/posts"}],"about":[{"href":"https:\/\/sertv.gob.pa\/nacionalfm\/wp-json\/wp\/v2\/types\/post"}],"author":[{"embeddable":true,"href":"https:\/\/sertv.gob.pa\/nacionalfm\/wp-json\/wp\/v2\/users\/1"}],"replies":[{"embeddable":true,"href":"https:\/\/sertv.gob.pa\/nacionalfm\/wp-json\/wp\/v2\/comments?post=5229"}],"version-history":[{"count":0,"href":"https:\/\/sertv.gob.pa\/nacionalfm\/wp-json\/wp\/v2\/posts\/5229\/revisions"}],"wp:featuredmedia":[{"embeddable":true,"href":"https:\/\/sertv.gob.pa\/nacionalfm\/wp-json\/wp\/v2\/media\/5230"}],"wp:attachment":[{"href":"https:\/\/sertv.gob.pa\/nacionalfm\/wp-json\/wp\/v2\/media?parent=5229"}],"wp:term":[{"taxonomy":"category","embeddable":true,"href":"https:\/\/sertv.gob.pa\/nacionalfm\/wp-json\/wp\/v2\/categories?post=5229"},{"taxonomy":"post_tag","embeddable":true,"href":"https:\/\/sertv.gob.pa\/nacionalfm\/wp-json\/wp\/v2\/tags?post=5229"}],"curies":[{"name":"wp","href":"https:\/\/api.w.org\/{rel}","templated":true}]}}