{"id":5243,"date":"2015-05-08T15:21:44","date_gmt":"2015-05-08T15:21:44","guid":{"rendered":""},"modified":"2015-05-08T15:21:44","modified_gmt":"2015-05-08T15:21:44","slug":"tercera-carrera-caminata-familiar-a-beneficio-de-fanlyc","status":"publish","type":"post","link":"https:\/\/sertv.gob.pa\/nacionalfm\/tercera-carrera-caminata-familiar-a-beneficio-de-fanlyc\/","title":{"rendered":"Tercera carrera-caminata familiar a beneficio de Fanlyc"},"content":{"rendered":"<p>\nEl yoga y sesiones de masajes acompa\u00f1ar\u00e1n a la  tercera carrera-caminata Familiar  de Blue Cross and Blue Shield of Panam\u00e1 a beneficio de   Fundaci\u00f3n Amigos del Ni\u00f1o con Leucemia y C\u00e1ncer (Fanlyc)  . <\/p>\n<p>La actividad\u00a0 se llevar\u00e1 a cabo este \u00a0domingo 10 de mayo, a partir de las 7:00 a.m. en Costa del Este, indica Leslie Ducruet, directora ejecutiva de  Fanlyc . <\/p>\n<p>Ser\u00e1 un d\u00eda solidario y de ejercicio para mantener un  cuerpo sano , destaca. <\/p>\n<p>Asimismo, se podr\u00e1 apoyar las labores que efect\u00faa la  fundaci\u00f3n  por los  ni\u00f1os que se enfrentan el c\u00e1ncer , cuya cifra supera los 870 casos. <\/p>\n<p>En Panam\u00e1 se diagnostican al a\u00f1o 125 casos de c\u00e1ncer en ni\u00f1os y adolescentes entre 0 y 18 a\u00f1os. <\/p>\n<p>Para mayor informaci\u00f3n sobre esta actividad, puede escribir a   imagen@fanlyc.org   <\/p>\n<p>\u00a0 <\/p>\n","protected":false},"excerpt":{"rendered":"<p>El yoga y sesiones de masajes acompa\u00f1ar\u00e1n a la tercera <a href=\"https:\/\/sertv.gob.pa\/nacionalfm\/tercera-carrera-caminata-familiar-a-beneficio-de-fanlyc\/\"> [&#8230;]<\/a><\/p>\n","protected":false},"author":1,"featured_media":5244,"comment_status":"closed","ping_status":"closed","sticky":false,"template":"","format":"standard","meta":{"footnotes":""},"categories":[5],"tags":[],"class_list":["post-5243","post","type-post","status-publish","format-standard","has-post-thumbnail","hentry","category-salud"],"_links":{"self":[{"href":"https:\/\/sertv.gob.pa\/nacionalfm\/wp-json\/wp\/v2\/posts\/5243","targetHints":{"allow":["GET"]}}],"collection":[{"href":"https:\/\/sertv.gob.pa\/nacionalfm\/wp-json\/wp\/v2\/posts"}],"about":[{"href":"https:\/\/sertv.gob.pa\/nacionalfm\/wp-json\/wp\/v2\/types\/post"}],"author":[{"embeddable":true,"href":"https:\/\/sertv.gob.pa\/nacionalfm\/wp-json\/wp\/v2\/users\/1"}],"replies":[{"embeddable":true,"href":"https:\/\/sertv.gob.pa\/nacionalfm\/wp-json\/wp\/v2\/comments?post=5243"}],"version-history":[{"count":0,"href":"https:\/\/sertv.gob.pa\/nacionalfm\/wp-json\/wp\/v2\/posts\/5243\/revisions"}],"wp:featuredmedia":[{"embeddable":true,"href":"https:\/\/sertv.gob.pa\/nacionalfm\/wp-json\/wp\/v2\/media\/5244"}],"wp:attachment":[{"href":"https:\/\/sertv.gob.pa\/nacionalfm\/wp-json\/wp\/v2\/media?parent=5243"}],"wp:term":[{"taxonomy":"category","embeddable":true,"href":"https:\/\/sertv.gob.pa\/nacionalfm\/wp-json\/wp\/v2\/categories?post=5243"},{"taxonomy":"post_tag","embeddable":true,"href":"https:\/\/sertv.gob.pa\/nacionalfm\/wp-json\/wp\/v2\/tags?post=5243"}],"curies":[{"name":"wp","href":"https:\/\/api.w.org\/{rel}","templated":true}]}}