{"id":5257,"date":"2015-05-11T16:19:00","date_gmt":"2015-05-11T16:19:00","guid":{"rendered":""},"modified":"2015-05-11T16:19:00","modified_gmt":"2015-05-11T16:19:00","slug":"caspa-y-dermatitis-seborreica","status":"publish","type":"post","link":"https:\/\/sertv.gob.pa\/nacionalfm\/caspa-y-dermatitis-seborreica\/","title":{"rendered":"Caspa y dermatitis seborreica"},"content":{"rendered":"<p>\nLa presencia de caspa afecta a personas de distintas edades y puede transmitir una mala imagen, por ejemplo, cuando se usa ropa negra y esta se ve &ldquo;salpicada&rdquo; de part\u00edculas blancas. Incluso, quienes la padecen pueden ser objeto de bromas. Pero, \u00bfqu\u00e9 es y a qu\u00e9 se debe? \u00a0 <\/p>\n<p>&ldquo;El t\u00e9rmino caspa se refiere a la descamaci\u00f3n del cuero cabelludo. Cuando adem\u00e1s de la descamaci\u00f3n hay enrojecimiento de la piel, se trata de una dermatitis seborreica, debido a la inflamaci\u00f3n cut\u00e1nea&rdquo;, explica el dermat\u00f3logo Juan Erasmo Gonz\u00e1lez. <\/p>\n<p>&ldquo;La dermatitis seborreica es una enfermedad com\u00fan que afecta aproximadamente a un 4% de la poblaci\u00f3n adulta. Adem\u00e1s del cuero cabelludo, frecuentemente aparece en las cejas, p\u00e1rpados, los lados de la nariz, orejas y el centro del pecho&rdquo;, agrega. &ldquo;Esta dermatitis se presenta a cualquier edad, siendo m\u00e1s frecuente en beb\u00e9s menores de cuatro meses y en adultos. Asimismo es m\u00e1s com\u00fan en personas que liban licor habitualmente, que tengan trastornos en la alimentaci\u00f3n (anorexia o bulimia), acn\u00e9 o psoriasis, en la enfermedad de Parkinson y en los climas fr\u00edos y secos&rdquo;. <\/p>\n<p>El doctor Gonz\u00e1lez menciona que se desconoce la causa exacta de la dermatitis seborreica, pero hay una predisposici\u00f3n gen\u00e9tica a padecerla. &ldquo;La afecci\u00f3n parece estar relacionada con las hormonas, porque el trastorno aparece, a menudo, durante los primeros meses de vida y reaparece en la pubertad. Lo anterior puede deberse a las hormonas que recibe el beb\u00e9 durante la lactancia materna y las hormonas de andr\u00f3genos que se eleven en la adolescencia&rdquo;. \u00a0 <\/p>\n<p>El estr\u00e9s emocional y f\u00edsico (cansancio) tambi\u00e9n se considera un factor agravante de esta condici\u00f3n, ya que incrementa el nivel de las hormonas que activan la producci\u00f3n de las gl\u00e1ndulas seb\u00e1ceas, que a su vez, favorecen la seborrea que puede causar la dermatitis seborreica. Un hongo del g\u00e9nero Malassezia igualmente contribuye a la aparici\u00f3n o empeoramiento de la enfermedad. <\/p>\n<p>\u00a0 <\/p>\n<p>\u00a0 <\/p>\n","protected":false},"excerpt":{"rendered":"<p>La presencia de caspa afecta a personas de distintas edades <a href=\"https:\/\/sertv.gob.pa\/nacionalfm\/caspa-y-dermatitis-seborreica\/\"> [&#8230;]<\/a><\/p>\n","protected":false},"author":1,"featured_media":5258,"comment_status":"closed","ping_status":"closed","sticky":false,"template":"","format":"standard","meta":{"footnotes":""},"categories":[5],"tags":[],"class_list":["post-5257","post","type-post","status-publish","format-standard","has-post-thumbnail","hentry","category-salud"],"_links":{"self":[{"href":"https:\/\/sertv.gob.pa\/nacionalfm\/wp-json\/wp\/v2\/posts\/5257","targetHints":{"allow":["GET"]}}],"collection":[{"href":"https:\/\/sertv.gob.pa\/nacionalfm\/wp-json\/wp\/v2\/posts"}],"about":[{"href":"https:\/\/sertv.gob.pa\/nacionalfm\/wp-json\/wp\/v2\/types\/post"}],"author":[{"embeddable":true,"href":"https:\/\/sertv.gob.pa\/nacionalfm\/wp-json\/wp\/v2\/users\/1"}],"replies":[{"embeddable":true,"href":"https:\/\/sertv.gob.pa\/nacionalfm\/wp-json\/wp\/v2\/comments?post=5257"}],"version-history":[{"count":0,"href":"https:\/\/sertv.gob.pa\/nacionalfm\/wp-json\/wp\/v2\/posts\/5257\/revisions"}],"wp:featuredmedia":[{"embeddable":true,"href":"https:\/\/sertv.gob.pa\/nacionalfm\/wp-json\/wp\/v2\/media\/5258"}],"wp:attachment":[{"href":"https:\/\/sertv.gob.pa\/nacionalfm\/wp-json\/wp\/v2\/media?parent=5257"}],"wp:term":[{"taxonomy":"category","embeddable":true,"href":"https:\/\/sertv.gob.pa\/nacionalfm\/wp-json\/wp\/v2\/categories?post=5257"},{"taxonomy":"post_tag","embeddable":true,"href":"https:\/\/sertv.gob.pa\/nacionalfm\/wp-json\/wp\/v2\/tags?post=5257"}],"curies":[{"name":"wp","href":"https:\/\/api.w.org\/{rel}","templated":true}]}}