{"id":52716,"date":"2020-06-01T17:51:24","date_gmt":"2020-06-01T17:51:24","guid":{"rendered":"https:\/\/sertv.gob.pa\/nacionalfm\/?p=52716"},"modified":"2020-06-01T17:51:24","modified_gmt":"2020-06-01T17:51:24","slug":"amanda-se-degrada-a-depresion-tropical-sobre-guatemala-y-avanza-a-mexico","status":"publish","type":"post","link":"https:\/\/sertv.gob.pa\/nacionalfm\/amanda-se-degrada-a-depresion-tropical-sobre-guatemala-y-avanza-a-mexico\/","title":{"rendered":"Amanda se degrada a depresi\u00f3n tropical sobre Guatemala y avanza a M\u00e9xico"},"content":{"rendered":"<p><strong><em>M\u00e9xico\/EFE<\/em><\/strong><\/p>\n<p>&nbsp;<\/p>\n<p>Amanda se degrad\u00f3 este domingo a depresi\u00f3n tropical en tierra sobre Guatemala y mantiene una trayectoria hacia el oriente y sureste de M\u00e9xico donde dejar\u00e1 lluvias torrenciales, inform\u00f3 el Servicio Meteorol\u00f3gico Nacional (SMN) mexicano.<\/p>\n<p>El primer cicl\u00f3n de la temporada en el Pac\u00edfico se degrad\u00f3 a depresi\u00f3n despu\u00e9s de haber alcanzado la intensidad de una tormenta tropical sobre territorio guatemalteco, indic\u00f3 el SMN.<\/p>\n<p>A la 1:15 de la tarde hora local, Amanda se localiz\u00f3 en tierra a 75 kil\u00f3metros al noreste de la Ciudad de Guatemala y a 230 kil\u00f3metros al este-noreste de la desembocadura del r\u00edo Suchiate, frontera entre M\u00e9xico y Guatemala.<\/p>\n<p>Ya como depresi\u00f3n tropical, Amanda entrar\u00e1 en las primeras horas del 1 de junio a territorio mexicano, donde ocasionar\u00e1 lluvias intensas sobre los estados de Veracruz, Oaxaca, Tabasco, Chiapas y Campeche.<\/p>\n<p>&nbsp;<\/p>\n<p>&nbsp;<\/p>\n","protected":false},"excerpt":{"rendered":"<p>M\u00e9xico\/EFE &nbsp; Amanda se degrad\u00f3 este domingo a depresi\u00f3n tropical <a href=\"https:\/\/sertv.gob.pa\/nacionalfm\/amanda-se-degrada-a-depresion-tropical-sobre-guatemala-y-avanza-a-mexico\/\"> [&#8230;]<\/a><\/p>\n","protected":false},"author":9,"featured_media":52717,"comment_status":"closed","ping_status":"closed","sticky":false,"template":"","format":"standard","meta":{"footnotes":""},"categories":[3],"tags":[],"class_list":["post-52716","post","type-post","status-publish","format-standard","has-post-thumbnail","hentry","category-internacionales"],"_links":{"self":[{"href":"https:\/\/sertv.gob.pa\/nacionalfm\/wp-json\/wp\/v2\/posts\/52716","targetHints":{"allow":["GET"]}}],"collection":[{"href":"https:\/\/sertv.gob.pa\/nacionalfm\/wp-json\/wp\/v2\/posts"}],"about":[{"href":"https:\/\/sertv.gob.pa\/nacionalfm\/wp-json\/wp\/v2\/types\/post"}],"author":[{"embeddable":true,"href":"https:\/\/sertv.gob.pa\/nacionalfm\/wp-json\/wp\/v2\/users\/9"}],"replies":[{"embeddable":true,"href":"https:\/\/sertv.gob.pa\/nacionalfm\/wp-json\/wp\/v2\/comments?post=52716"}],"version-history":[{"count":1,"href":"https:\/\/sertv.gob.pa\/nacionalfm\/wp-json\/wp\/v2\/posts\/52716\/revisions"}],"predecessor-version":[{"id":52718,"href":"https:\/\/sertv.gob.pa\/nacionalfm\/wp-json\/wp\/v2\/posts\/52716\/revisions\/52718"}],"wp:featuredmedia":[{"embeddable":true,"href":"https:\/\/sertv.gob.pa\/nacionalfm\/wp-json\/wp\/v2\/media\/52717"}],"wp:attachment":[{"href":"https:\/\/sertv.gob.pa\/nacionalfm\/wp-json\/wp\/v2\/media?parent=52716"}],"wp:term":[{"taxonomy":"category","embeddable":true,"href":"https:\/\/sertv.gob.pa\/nacionalfm\/wp-json\/wp\/v2\/categories?post=52716"},{"taxonomy":"post_tag","embeddable":true,"href":"https:\/\/sertv.gob.pa\/nacionalfm\/wp-json\/wp\/v2\/tags?post=52716"}],"curies":[{"name":"wp","href":"https:\/\/api.w.org\/{rel}","templated":true}]}}