{"id":5273,"date":"2015-05-13T15:38:21","date_gmt":"2015-05-13T15:38:21","guid":{"rendered":""},"modified":"2015-05-13T15:38:21","modified_gmt":"2015-05-13T15:38:21","slug":"en-argentina-cerca-de-900-000-personas-sufren-asma","status":"publish","type":"post","link":"https:\/\/sertv.gob.pa\/nacionalfm\/en-argentina-cerca-de-900-000-personas-sufren-asma\/","title":{"rendered":"En Argentina cerca de 900,000 personas sufren asma"},"content":{"rendered":"<p>\nAlrededor de 900 mil personas, el equivalente al 6% de la poblaci\u00f3n, sufren de asma en la Argentina, seg\u00fan un informe que difundi\u00f3 el Ministerio de Salud. <\/p>\n<p>La encuesta impulsada por la cartera que conduce Daniel Gollan tuvo como fin profundizar la vigilancia epidemiol\u00f3gica y de factores de riesgo, y la investigaci\u00f3n. <\/p>\n<p>El reporte precis\u00f3 que \u00ab871.115 personas padecen asma en Argentina, es decir el 5,98 por ciento de la poblaci\u00f3n\u00bb. Fue presentado en coincidencia con el D\u00eda Mundial del Asma en la cartera de Salud, donde el secretario de Promoci\u00f3n y Programas Sanitarios, Federico Kaski, expres\u00f3 que \u00abes una gran noticia presentar este primer estudio efectuado a nivel nacional con esfuerzos integrados del Estado y de sociedades cient\u00edficas, porque habla de la decisi\u00f3n del Estado de trabajar intersectorialmente en materia de salud\u00bb. <\/p>\n<p>\u00a0 <\/p>\n","protected":false},"excerpt":{"rendered":"<p>Alrededor de 900 mil personas, el equivalente al 6% de <a href=\"https:\/\/sertv.gob.pa\/nacionalfm\/en-argentina-cerca-de-900-000-personas-sufren-asma\/\"> [&#8230;]<\/a><\/p>\n","protected":false},"author":1,"featured_media":5274,"comment_status":"closed","ping_status":"closed","sticky":false,"template":"","format":"standard","meta":{"footnotes":""},"categories":[5],"tags":[],"class_list":["post-5273","post","type-post","status-publish","format-standard","has-post-thumbnail","hentry","category-salud"],"_links":{"self":[{"href":"https:\/\/sertv.gob.pa\/nacionalfm\/wp-json\/wp\/v2\/posts\/5273","targetHints":{"allow":["GET"]}}],"collection":[{"href":"https:\/\/sertv.gob.pa\/nacionalfm\/wp-json\/wp\/v2\/posts"}],"about":[{"href":"https:\/\/sertv.gob.pa\/nacionalfm\/wp-json\/wp\/v2\/types\/post"}],"author":[{"embeddable":true,"href":"https:\/\/sertv.gob.pa\/nacionalfm\/wp-json\/wp\/v2\/users\/1"}],"replies":[{"embeddable":true,"href":"https:\/\/sertv.gob.pa\/nacionalfm\/wp-json\/wp\/v2\/comments?post=5273"}],"version-history":[{"count":0,"href":"https:\/\/sertv.gob.pa\/nacionalfm\/wp-json\/wp\/v2\/posts\/5273\/revisions"}],"wp:featuredmedia":[{"embeddable":true,"href":"https:\/\/sertv.gob.pa\/nacionalfm\/wp-json\/wp\/v2\/media\/5274"}],"wp:attachment":[{"href":"https:\/\/sertv.gob.pa\/nacionalfm\/wp-json\/wp\/v2\/media?parent=5273"}],"wp:term":[{"taxonomy":"category","embeddable":true,"href":"https:\/\/sertv.gob.pa\/nacionalfm\/wp-json\/wp\/v2\/categories?post=5273"},{"taxonomy":"post_tag","embeddable":true,"href":"https:\/\/sertv.gob.pa\/nacionalfm\/wp-json\/wp\/v2\/tags?post=5273"}],"curies":[{"name":"wp","href":"https:\/\/api.w.org\/{rel}","templated":true}]}}