{"id":529,"date":"2014-07-25T05:00:00","date_gmt":"2014-07-25T05:00:00","guid":{"rendered":""},"modified":"2014-07-25T05:00:00","modified_gmt":"2014-07-25T05:00:00","slug":"se-elevan-a-241-los-casos-de-chikungunya-en-puerto-rico","status":"publish","type":"post","link":"https:\/\/sertv.gob.pa\/nacionalfm\/se-elevan-a-241-los-casos-de-chikungunya-en-puerto-rico\/","title":{"rendered":"Se elevan a 241 los casos de Chikungunya en Puerto Rico"},"content":{"rendered":"<p>\nEl n\u00famero de casos confirmados de personas infectadas con el virus del chikungunya en Puerto Rico se elev\u00f3 a 241, seg\u00fan manifest\u00f3 la epidemi\u00f3loga del Estado, Brenda Rivera Garc\u00eda. <\/p>\n<p>La experta dio estas estad\u00edsticas durante una entrevista con la emisora Radio Isla 1320, en la que detall\u00f3 que la mayor\u00eda de los casos se han registrado luego de contagios en otros pa\u00edses. <\/p>\n<p>El Gobierno puertorrique\u00f1o declar\u00f3 el estado de epidemia del virus en la isla el pasado 17 de julio, tras la confirmaci\u00f3n, en ese entonces, de 206 casos desde que se detect\u00f3 la presencia de este virus en la isla, hace menos de dos meses. <\/p>\n<p>El 90 % de los casos confirmados se han registrado en el \u00e1rea metropolitana de San Juan, y la mayor\u00eda de ellos en torno al ca\u00f1o Mart\u00edn Pe\u00f1a, una zona de la capital en la que se acumulan vertederos clandestinos a lo largo de un canal, un h\u00e1bitat perfecto para los mosquitos que propagan el chikungunya y el dengue. <\/p>\n<p>El chikungunya es un virus para el que no hay vacuna ni tratamiento, aunque raramente es mortal, y que provoca una fiebre con s\u00edntomas muy parecidos a los del dengue, as\u00ed como fuerte dolor en las articulaciones.\u00a0 @nacionalFm <\/p>\n<p>\u00a0 <\/p>\n","protected":false},"excerpt":{"rendered":"<p>El n\u00famero de casos confirmados de personas infectadas con el <a href=\"https:\/\/sertv.gob.pa\/nacionalfm\/se-elevan-a-241-los-casos-de-chikungunya-en-puerto-rico\/\"> [&#8230;]<\/a><\/p>\n","protected":false},"author":1,"featured_media":530,"comment_status":"closed","ping_status":"closed","sticky":false,"template":"","format":"standard","meta":{"footnotes":""},"categories":[5],"tags":[],"class_list":["post-529","post","type-post","status-publish","format-standard","has-post-thumbnail","hentry","category-salud"],"_links":{"self":[{"href":"https:\/\/sertv.gob.pa\/nacionalfm\/wp-json\/wp\/v2\/posts\/529","targetHints":{"allow":["GET"]}}],"collection":[{"href":"https:\/\/sertv.gob.pa\/nacionalfm\/wp-json\/wp\/v2\/posts"}],"about":[{"href":"https:\/\/sertv.gob.pa\/nacionalfm\/wp-json\/wp\/v2\/types\/post"}],"author":[{"embeddable":true,"href":"https:\/\/sertv.gob.pa\/nacionalfm\/wp-json\/wp\/v2\/users\/1"}],"replies":[{"embeddable":true,"href":"https:\/\/sertv.gob.pa\/nacionalfm\/wp-json\/wp\/v2\/comments?post=529"}],"version-history":[{"count":0,"href":"https:\/\/sertv.gob.pa\/nacionalfm\/wp-json\/wp\/v2\/posts\/529\/revisions"}],"wp:featuredmedia":[{"embeddable":true,"href":"https:\/\/sertv.gob.pa\/nacionalfm\/wp-json\/wp\/v2\/media\/530"}],"wp:attachment":[{"href":"https:\/\/sertv.gob.pa\/nacionalfm\/wp-json\/wp\/v2\/media?parent=529"}],"wp:term":[{"taxonomy":"category","embeddable":true,"href":"https:\/\/sertv.gob.pa\/nacionalfm\/wp-json\/wp\/v2\/categories?post=529"},{"taxonomy":"post_tag","embeddable":true,"href":"https:\/\/sertv.gob.pa\/nacionalfm\/wp-json\/wp\/v2\/tags?post=529"}],"curies":[{"name":"wp","href":"https:\/\/api.w.org\/{rel}","templated":true}]}}