{"id":5311,"date":"2015-05-15T15:31:12","date_gmt":"2015-05-15T15:31:12","guid":{"rendered":""},"modified":"2015-05-15T15:31:12","modified_gmt":"2015-05-15T15:31:12","slug":"se-incrementan-casos-de-neumonia-en-san-miguelito","status":"publish","type":"post","link":"https:\/\/sertv.gob.pa\/nacionalfm\/se-incrementan-casos-de-neumonia-en-san-miguelito\/","title":{"rendered":"Se incrementan casos de neumon\u00eda en San Miguelito"},"content":{"rendered":"<p>\nEn San Miguelito, en los primeros cuatro meses de este a\u00f1o, se han registrado 442 casos de neumon\u00eda. Esto tiene a las autoridades de salud alarmadas, pues, durante ese mismo per\u00edodo de 2014, se registraron 337 casos. <\/p>\n<p>La estad\u00edstica suministrada por la Regional de Salud del distrito indica que los menores de 5 a\u00f1os y los adultos mayores de 60 son los m\u00e1s propensos a infectarse. <\/p>\n<p>Los corregimientos con mayor incidencia por esta enfermedad son: Belisario Porras, Arnulfo Arias y Belisario Fr\u00edas. <\/p>\n<p>\u00a0 <\/p>\n","protected":false},"excerpt":{"rendered":"<p>En San Miguelito, en los primeros cuatro meses de este <a href=\"https:\/\/sertv.gob.pa\/nacionalfm\/se-incrementan-casos-de-neumonia-en-san-miguelito\/\"> [&#8230;]<\/a><\/p>\n","protected":false},"author":1,"featured_media":5312,"comment_status":"closed","ping_status":"closed","sticky":false,"template":"","format":"standard","meta":{"footnotes":""},"categories":[5],"tags":[],"class_list":["post-5311","post","type-post","status-publish","format-standard","has-post-thumbnail","hentry","category-salud"],"_links":{"self":[{"href":"https:\/\/sertv.gob.pa\/nacionalfm\/wp-json\/wp\/v2\/posts\/5311","targetHints":{"allow":["GET"]}}],"collection":[{"href":"https:\/\/sertv.gob.pa\/nacionalfm\/wp-json\/wp\/v2\/posts"}],"about":[{"href":"https:\/\/sertv.gob.pa\/nacionalfm\/wp-json\/wp\/v2\/types\/post"}],"author":[{"embeddable":true,"href":"https:\/\/sertv.gob.pa\/nacionalfm\/wp-json\/wp\/v2\/users\/1"}],"replies":[{"embeddable":true,"href":"https:\/\/sertv.gob.pa\/nacionalfm\/wp-json\/wp\/v2\/comments?post=5311"}],"version-history":[{"count":0,"href":"https:\/\/sertv.gob.pa\/nacionalfm\/wp-json\/wp\/v2\/posts\/5311\/revisions"}],"wp:featuredmedia":[{"embeddable":true,"href":"https:\/\/sertv.gob.pa\/nacionalfm\/wp-json\/wp\/v2\/media\/5312"}],"wp:attachment":[{"href":"https:\/\/sertv.gob.pa\/nacionalfm\/wp-json\/wp\/v2\/media?parent=5311"}],"wp:term":[{"taxonomy":"category","embeddable":true,"href":"https:\/\/sertv.gob.pa\/nacionalfm\/wp-json\/wp\/v2\/categories?post=5311"},{"taxonomy":"post_tag","embeddable":true,"href":"https:\/\/sertv.gob.pa\/nacionalfm\/wp-json\/wp\/v2\/tags?post=5311"}],"curies":[{"name":"wp","href":"https:\/\/api.w.org\/{rel}","templated":true}]}}