{"id":53275,"date":"2020-06-12T17:35:46","date_gmt":"2020-06-12T17:35:46","guid":{"rendered":"https:\/\/sertv.gob.pa\/nacionalfm\/?p=53275"},"modified":"2020-06-12T17:35:46","modified_gmt":"2020-06-12T17:35:46","slug":"realizan-capacitacion-sobre-los-pulmones-y-el-ejercicio-en-hospital-hogar-de-la-esperanza","status":"publish","type":"post","link":"https:\/\/sertv.gob.pa\/nacionalfm\/realizan-capacitacion-sobre-los-pulmones-y-el-ejercicio-en-hospital-hogar-de-la-esperanza\/","title":{"rendered":"Realizan capacitaci\u00f3n sobre \u201cLos pulmones y el ejercicio\u201d, en hospital Hogar de la Esperanza"},"content":{"rendered":"<p>Con la exposici\u00f3n \u201cLos pulmones y el ejercicio\u201d, la cual estuvo a cargo del personal de Fisioterapia del hospital Hogar de la Esperanza de la Caja de Seguro Social (CSS), que se localiza en Veracruz, se retom\u00f3 el cronograma anual de docencia en esta instalaci\u00f3n de salud.<\/p>\n<p>Esta actividad, enfocada a profesionales de la salud, tiene como meta, resaltar la importancia del ejercicio, en la rehabilitaci\u00f3n del paciente con COVID -19 y el rol del fisioterapeuta ante esta patolog\u00eda.<\/p>\n<p>La docencia, dio comienzo con un video de la CSS, donde alientan a los funcionarios. a seguir aplicando las medidas de bioseguridad ante el COVID -19, seguido de un taller de lavado de manos, dirigido por el licenciado Francisco Alc\u00f3cer, coordinador docente de la unidad.<\/p>\n<p>Durante esta jornada se cont\u00f3 con la participaron de diez colaboradores, y las disertaciones estuvieron a cargo de las licenciadas Solange Pati\u00f1o y Judeiyi Pitt\u00ed, ambas fisioterapeutas de la instalaci\u00f3n.<\/p>\n<p>&nbsp;<\/p>\n<p>Fuente: CSS<\/p>\n","protected":false},"excerpt":{"rendered":"<p>Con la exposici\u00f3n \u201cLos pulmones y el ejercicio\u201d, la cual <a href=\"https:\/\/sertv.gob.pa\/nacionalfm\/realizan-capacitacion-sobre-los-pulmones-y-el-ejercicio-en-hospital-hogar-de-la-esperanza\/\"> [&#8230;]<\/a><\/p>\n","protected":false},"author":9,"featured_media":53276,"comment_status":"closed","ping_status":"closed","sticky":false,"template":"","format":"standard","meta":{"footnotes":""},"categories":[5],"tags":[],"class_list":["post-53275","post","type-post","status-publish","format-standard","has-post-thumbnail","hentry","category-salud"],"_links":{"self":[{"href":"https:\/\/sertv.gob.pa\/nacionalfm\/wp-json\/wp\/v2\/posts\/53275","targetHints":{"allow":["GET"]}}],"collection":[{"href":"https:\/\/sertv.gob.pa\/nacionalfm\/wp-json\/wp\/v2\/posts"}],"about":[{"href":"https:\/\/sertv.gob.pa\/nacionalfm\/wp-json\/wp\/v2\/types\/post"}],"author":[{"embeddable":true,"href":"https:\/\/sertv.gob.pa\/nacionalfm\/wp-json\/wp\/v2\/users\/9"}],"replies":[{"embeddable":true,"href":"https:\/\/sertv.gob.pa\/nacionalfm\/wp-json\/wp\/v2\/comments?post=53275"}],"version-history":[{"count":1,"href":"https:\/\/sertv.gob.pa\/nacionalfm\/wp-json\/wp\/v2\/posts\/53275\/revisions"}],"predecessor-version":[{"id":53279,"href":"https:\/\/sertv.gob.pa\/nacionalfm\/wp-json\/wp\/v2\/posts\/53275\/revisions\/53279"}],"wp:featuredmedia":[{"embeddable":true,"href":"https:\/\/sertv.gob.pa\/nacionalfm\/wp-json\/wp\/v2\/media\/53276"}],"wp:attachment":[{"href":"https:\/\/sertv.gob.pa\/nacionalfm\/wp-json\/wp\/v2\/media?parent=53275"}],"wp:term":[{"taxonomy":"category","embeddable":true,"href":"https:\/\/sertv.gob.pa\/nacionalfm\/wp-json\/wp\/v2\/categories?post=53275"},{"taxonomy":"post_tag","embeddable":true,"href":"https:\/\/sertv.gob.pa\/nacionalfm\/wp-json\/wp\/v2\/tags?post=53275"}],"curies":[{"name":"wp","href":"https:\/\/api.w.org\/{rel}","templated":true}]}}