{"id":533,"date":"2014-07-25T05:00:00","date_gmt":"2014-07-25T05:00:00","guid":{"rendered":""},"modified":"2014-07-25T05:00:00","modified_gmt":"2014-07-25T05:00:00","slug":"expertos-de-america-analizan-el-futuro-del-sida","status":"publish","type":"post","link":"https:\/\/sertv.gob.pa\/nacionalfm\/expertos-de-america-analizan-el-futuro-del-sida\/","title":{"rendered":"Expertos de Am\u00e9rica analizan el futuro del SIDA"},"content":{"rendered":"<p>\nExpertos de 7 pa\u00edses de Am\u00e9rica y representantes del gobierno y la sociedad civil analizan el presente y futuro del SIDA, en una conferencia que organiza por 2 d\u00edas en Panam\u00e1 el Programa de Naciones Unidas para el Desarrollo (PNUD), inform\u00f3 \u00a0a Acan-Efe el consultor regional, Pablo Basz. <\/p>\n<p>Los expertos, entre ellos, cient\u00edficos, investigadores, as\u00ed como personas que viven con VIH, participan en esta conferencia regional, que se lleva a cabo en paralelo con el congreso mundial que sobre el SIDA se realiza en Melbourne (Australia), detall\u00f3 Basz. <\/p>\n<p>Explic\u00f3 que el encuentro tiene por objetivo acercar a la regi\u00f3n a algunos de los principales debates que se efect\u00faan en estos d\u00edas en Australia, para luego generar un debate propio, en el que se discutan y conozcan los alcances y desaf\u00edos espec\u00edficos de la enfermedad. <\/p>\n<p>Seg\u00fan la fuente, se busca incrementar la visibilidad del trabajo que se realiza en VIH en la regi\u00f3n latinoamericana, creando una plataforma de intercambio de conocimiento y experiencias, promoviendo la sinergia y el debate entre los diferentes actores involucrados en la respuesta a esa enfermedad. <\/p>\n<p>En la apertura participaron Freddy Justiniano, director regional para Am\u00e9rica Latina y el Caribe del Programa de las Naciones Unidas para el Desarrollo (PNUD); y Mart\u00edn Santiago, Coordinador Residente del Sistema de Naciones Unidas y Representante Residente del PNUD.\u00a0 @nacionalFm <\/p>\n<p>\u00a0 <\/p>\n<p>\u00a0 <\/p>\n","protected":false},"excerpt":{"rendered":"<p>Expertos de 7 pa\u00edses de Am\u00e9rica y representantes del gobierno <a href=\"https:\/\/sertv.gob.pa\/nacionalfm\/expertos-de-america-analizan-el-futuro-del-sida\/\"> [&#8230;]<\/a><\/p>\n","protected":false},"author":1,"featured_media":534,"comment_status":"closed","ping_status":"closed","sticky":false,"template":"","format":"standard","meta":{"footnotes":""},"categories":[5],"tags":[],"class_list":["post-533","post","type-post","status-publish","format-standard","has-post-thumbnail","hentry","category-salud"],"_links":{"self":[{"href":"https:\/\/sertv.gob.pa\/nacionalfm\/wp-json\/wp\/v2\/posts\/533","targetHints":{"allow":["GET"]}}],"collection":[{"href":"https:\/\/sertv.gob.pa\/nacionalfm\/wp-json\/wp\/v2\/posts"}],"about":[{"href":"https:\/\/sertv.gob.pa\/nacionalfm\/wp-json\/wp\/v2\/types\/post"}],"author":[{"embeddable":true,"href":"https:\/\/sertv.gob.pa\/nacionalfm\/wp-json\/wp\/v2\/users\/1"}],"replies":[{"embeddable":true,"href":"https:\/\/sertv.gob.pa\/nacionalfm\/wp-json\/wp\/v2\/comments?post=533"}],"version-history":[{"count":0,"href":"https:\/\/sertv.gob.pa\/nacionalfm\/wp-json\/wp\/v2\/posts\/533\/revisions"}],"wp:featuredmedia":[{"embeddable":true,"href":"https:\/\/sertv.gob.pa\/nacionalfm\/wp-json\/wp\/v2\/media\/534"}],"wp:attachment":[{"href":"https:\/\/sertv.gob.pa\/nacionalfm\/wp-json\/wp\/v2\/media?parent=533"}],"wp:term":[{"taxonomy":"category","embeddable":true,"href":"https:\/\/sertv.gob.pa\/nacionalfm\/wp-json\/wp\/v2\/categories?post=533"},{"taxonomy":"post_tag","embeddable":true,"href":"https:\/\/sertv.gob.pa\/nacionalfm\/wp-json\/wp\/v2\/tags?post=533"}],"curies":[{"name":"wp","href":"https:\/\/api.w.org\/{rel}","templated":true}]}}