{"id":5337,"date":"2015-05-19T12:46:21","date_gmt":"2015-05-19T12:46:21","guid":{"rendered":""},"modified":"2015-05-19T12:46:21","modified_gmt":"2015-05-19T12:46:21","slug":"nueva-vacuna-contra-el-vih","status":"publish","type":"post","link":"https:\/\/sertv.gob.pa\/nacionalfm\/nueva-vacuna-contra-el-vih\/","title":{"rendered":"Nueva vacuna contra el VIH"},"content":{"rendered":"<p>\nEl Instituto de Investigaci\u00f3n del Sida IrsiCaixa en Barcelona, comenz\u00f3 a preparar los ensayos cl\u00ednicos de su vacuna terap\u00e9utica contra el Sida, que probar\u00e1 en un grupo de entre 150 y 200 voluntarios a partir del pr\u00f3ximo a\u00f1o. <\/p>\n<p>La vacuna dise\u00f1ada por investigadores del instituto, se ha demostrado eficaz en pruebas con animales y es la primera desarrollada en base a la respuesta inmunitaria de un grupo reducido de personas capaces de controlar la infecci\u00f3n por VIH sin tratamiento antirretroviral. <\/p>\n<p>La investigadora del IrsiCaixa Beatrix Mothe explic\u00f3 que antirretrovirales actuales frenan el progreso de la infecci\u00f3n, pero no eliminan el virus del organismo. <\/p>\n<p>Por este motivo, la estrategia m\u00e1s realista para terminar con el VIH es con una vacuna efectiva, seg\u00fan Mothe. <\/p>\n<p>\u00a0 <\/p>\n","protected":false},"excerpt":{"rendered":"<p>El Instituto de Investigaci\u00f3n del Sida IrsiCaixa en Barcelona, comenz\u00f3 <a href=\"https:\/\/sertv.gob.pa\/nacionalfm\/nueva-vacuna-contra-el-vih\/\"> [&#8230;]<\/a><\/p>\n","protected":false},"author":1,"featured_media":5338,"comment_status":"closed","ping_status":"closed","sticky":false,"template":"","format":"standard","meta":{"footnotes":""},"categories":[5],"tags":[],"class_list":["post-5337","post","type-post","status-publish","format-standard","has-post-thumbnail","hentry","category-salud"],"_links":{"self":[{"href":"https:\/\/sertv.gob.pa\/nacionalfm\/wp-json\/wp\/v2\/posts\/5337","targetHints":{"allow":["GET"]}}],"collection":[{"href":"https:\/\/sertv.gob.pa\/nacionalfm\/wp-json\/wp\/v2\/posts"}],"about":[{"href":"https:\/\/sertv.gob.pa\/nacionalfm\/wp-json\/wp\/v2\/types\/post"}],"author":[{"embeddable":true,"href":"https:\/\/sertv.gob.pa\/nacionalfm\/wp-json\/wp\/v2\/users\/1"}],"replies":[{"embeddable":true,"href":"https:\/\/sertv.gob.pa\/nacionalfm\/wp-json\/wp\/v2\/comments?post=5337"}],"version-history":[{"count":0,"href":"https:\/\/sertv.gob.pa\/nacionalfm\/wp-json\/wp\/v2\/posts\/5337\/revisions"}],"wp:featuredmedia":[{"embeddable":true,"href":"https:\/\/sertv.gob.pa\/nacionalfm\/wp-json\/wp\/v2\/media\/5338"}],"wp:attachment":[{"href":"https:\/\/sertv.gob.pa\/nacionalfm\/wp-json\/wp\/v2\/media?parent=5337"}],"wp:term":[{"taxonomy":"category","embeddable":true,"href":"https:\/\/sertv.gob.pa\/nacionalfm\/wp-json\/wp\/v2\/categories?post=5337"},{"taxonomy":"post_tag","embeddable":true,"href":"https:\/\/sertv.gob.pa\/nacionalfm\/wp-json\/wp\/v2\/tags?post=5337"}],"curies":[{"name":"wp","href":"https:\/\/api.w.org\/{rel}","templated":true}]}}