{"id":53414,"date":"2020-06-16T21:55:46","date_gmt":"2020-06-16T21:55:46","guid":{"rendered":"https:\/\/sertv.gob.pa\/nacionalfm\/?p=53414"},"modified":"2020-06-16T21:55:46","modified_gmt":"2020-06-16T21:55:46","slug":"el-espolon-calcaneo-una-malformacion-que-provoca-dolor-agudo-en-el-talon","status":"publish","type":"post","link":"https:\/\/sertv.gob.pa\/nacionalfm\/el-espolon-calcaneo-una-malformacion-que-provoca-dolor-agudo-en-el-talon\/","title":{"rendered":"El espol\u00f3n calc\u00e1neo: una malformaci\u00f3n que provoca dolor agudo en el tal\u00f3n"},"content":{"rendered":"<p>El espol\u00f3n calc\u00e1neo es un crecimiento del hueso del tal\u00f3n en forma triangular o de lanza.<\/p>\n<p>Esta malformaci\u00f3n \u00f3sea se produce cuando la fascia plantar (tejido el\u00e1stico que une el tal\u00f3n con la zona de debajo de los dedos del pie), est\u00e1 sometida a una excesiva tracci\u00f3n y sobrecarga, generando unas micro roturas en su inserci\u00f3n.<\/p>\n<p>A su vez, esta parte se calcifica form\u00e1ndose esa forma de hueso que provoca un dolor agudo en el tal\u00f3n, como si fuesen pinchazos.<\/p>\n<p>Al conversar sobre el tema, Josip Espinosa, fisioterapeuta de la Caja de Seguro Social (CSS), revel\u00f3, que existen diversas causas por las cuales se forman los espolones, entre ellas est\u00e1n: el sobrepeso y trabajos o profesiones que requieran que las personas deben estar de pie por mucho tiempo.<\/p>\n<p>Mencion\u00f3 que entre los principales signos y s\u00edntomas del espol\u00f3n se encuentran: claudicaci\u00f3n por dolor (la persona cojea), dolor agudo en la base del tal\u00f3n e inflamaci\u00f3n.<\/p>\n<p>Precis\u00f3 el fisioterapeuta, que cuando una persona presenta dolores en la base del tal\u00f3n y a su vez cojea, son indicios para detectar si la misma tiene un espol\u00f3n.<\/p>\n<p>\u00abUsualmente el espol\u00f3n es producido por una fascitis mal tratada, o sea que la persona nunca busc\u00f3 ayuda para su tratamiento\u00bb, sustent\u00f3 Espinosa.<\/p>\n<p>La fascitis, es el engrosamiento y contracci\u00f3n de los tejidos de los m\u00fasculos que est\u00e1n localizados en el centro de la planta de los pies.<\/p>\n<p><strong><em>Tratamientos <\/em><\/strong><\/p>\n<p>En este punto el Lcdo. Espinosa, se\u00f1al\u00f3, que existen diversos tratamientos para esta malformaci\u00f3n \u00f3sea tales como:<\/p>\n<ul>\n<li>Usar calzados adecuados que tengan plantillas y soportes especiales para el tal\u00f3n.<\/li>\n<li>Si la persona tiene sobrepeso, debe tratar de bajar de peso y mantenerse en reposo.<\/li>\n<li>Tambi\u00e9n el uso de compresas fr\u00edas ayudan a reducir la inflamaci\u00f3n y el dolor.<\/li>\n<\/ul>\n<p>Los espolones, pueden ser tratados a trav\u00e9s de intervenciones quir\u00fargicas.<\/p>\n<p>Advirti\u00f3 el fisioterapeuta, que la mayor\u00eda de los espolones aparecen en los pies cavos (con puente), y tambi\u00e9n en los pies planos suelen aparecer m\u00e1s por alg\u00fan movimiento repetitivo, por lo general en atletas.<\/p>\n<p>A\u00f1adi\u00f3, que la mayor\u00eda de los espolones, solo aparecen en una sola regi\u00f3n del cuerpo, en este caso los talones y por lo general son dif\u00edciles de prevenir.<\/p>\n<p>Finalmente, el fisioterapeuta recomend\u00f3 que las personas antes de iniciar sus labores o ejercicios, deban realizar estiramiento en los dedos de los pies, de tobillos y en la pantorrilla.<\/p>\n<p>&nbsp;<\/p>\n<p>Fuente: CSS<\/p>\n<p>&nbsp;<\/p>\n<p>&nbsp;<\/p>\n","protected":false},"excerpt":{"rendered":"<p>El espol\u00f3n calc\u00e1neo es un crecimiento del hueso del tal\u00f3n <a href=\"https:\/\/sertv.gob.pa\/nacionalfm\/el-espolon-calcaneo-una-malformacion-que-provoca-dolor-agudo-en-el-talon\/\"> [&#8230;]<\/a><\/p>\n","protected":false},"author":9,"featured_media":53415,"comment_status":"closed","ping_status":"closed","sticky":false,"template":"","format":"standard","meta":{"footnotes":""},"categories":[5],"tags":[],"class_list":["post-53414","post","type-post","status-publish","format-standard","has-post-thumbnail","hentry","category-salud"],"_links":{"self":[{"href":"https:\/\/sertv.gob.pa\/nacionalfm\/wp-json\/wp\/v2\/posts\/53414","targetHints":{"allow":["GET"]}}],"collection":[{"href":"https:\/\/sertv.gob.pa\/nacionalfm\/wp-json\/wp\/v2\/posts"}],"about":[{"href":"https:\/\/sertv.gob.pa\/nacionalfm\/wp-json\/wp\/v2\/types\/post"}],"author":[{"embeddable":true,"href":"https:\/\/sertv.gob.pa\/nacionalfm\/wp-json\/wp\/v2\/users\/9"}],"replies":[{"embeddable":true,"href":"https:\/\/sertv.gob.pa\/nacionalfm\/wp-json\/wp\/v2\/comments?post=53414"}],"version-history":[{"count":1,"href":"https:\/\/sertv.gob.pa\/nacionalfm\/wp-json\/wp\/v2\/posts\/53414\/revisions"}],"predecessor-version":[{"id":53416,"href":"https:\/\/sertv.gob.pa\/nacionalfm\/wp-json\/wp\/v2\/posts\/53414\/revisions\/53416"}],"wp:featuredmedia":[{"embeddable":true,"href":"https:\/\/sertv.gob.pa\/nacionalfm\/wp-json\/wp\/v2\/media\/53415"}],"wp:attachment":[{"href":"https:\/\/sertv.gob.pa\/nacionalfm\/wp-json\/wp\/v2\/media?parent=53414"}],"wp:term":[{"taxonomy":"category","embeddable":true,"href":"https:\/\/sertv.gob.pa\/nacionalfm\/wp-json\/wp\/v2\/categories?post=53414"},{"taxonomy":"post_tag","embeddable":true,"href":"https:\/\/sertv.gob.pa\/nacionalfm\/wp-json\/wp\/v2\/tags?post=53414"}],"curies":[{"name":"wp","href":"https:\/\/api.w.org\/{rel}","templated":true}]}}