{"id":5343,"date":"2015-05-19T14:10:06","date_gmt":"2015-05-19T14:10:06","guid":{"rendered":""},"modified":"2015-05-19T14:10:06","modified_gmt":"2015-05-19T14:10:06","slug":"realizan-jornadas-de-atencion-medica-para-obreros-de-la-basura","status":"publish","type":"post","link":"https:\/\/sertv.gob.pa\/nacionalfm\/realizan-jornadas-de-atencion-medica-para-obreros-de-la-basura\/","title":{"rendered":"Realizan jornadas de atenci\u00f3n m\u00e9dica para obreros de la basura"},"content":{"rendered":"<p>\nEn fecha reciente, cerca de 42 trabajadores recolectores de basura, quienes laboran en la empresa Soluciones Ambientales Comunitarias (SACOSA) de Santiago resultaron favorecidos con atenci\u00f3n m\u00e9dica integral, con el prop\u00f3sito de prevenir los riesgos sanitarios que involucra esta actividad. <\/p>\n<p>Se debe enfatizar, que el plan de control sanitario forma parte de una iniciativa que comprende vacunaci\u00f3n, epidemiolog\u00eda, controles de laboratorio, radiolog\u00eda y otros aspectos que conlleva el programa de salud ocupacional que impulsa la Caja de Seguro Social. <\/p>\n<p>&ldquo;Es una atenci\u00f3n completa en diversas \u00e1reas de salud ocupacional con el fin de que los obreros est\u00e9n en condiciones \u00f3ptimas de salud y se prevengan de cualquier epidemia&rdquo;, agreg\u00f3 el galeno. <\/p>\n<p>Sobre el particular, Isaac Rodr\u00edguez, gerente de SACOSA, se\u00f1al\u00f3 que el objetivo es que los trabajadores que est\u00e1n en riesgo lleven un control de su salud en aspectos como la piel, los pulmones y otros de manera que no contraigan ninguna enfermedad que despu\u00e9s pueda volverse cr\u00f3nica. <\/p>\n<p>&ldquo;La idea que la fuerza laboral que realiza las tareas diarias de recolecci\u00f3n de basura est\u00e9 en las mejores condiciones de salud para brindar un buen servicio a la comunidad&rdquo;, detall\u00f3. <\/p>\n<p>Igualmente adicion\u00f3, que adem\u00e1s del plan de atenci\u00f3n integral, se est\u00e1 cumpliendo con todos los par\u00e1metros que exige el programa de salud ocupacional de la Caja de Seguro Social con el fin de garantizar el bienestar de los obreros. <\/p>\n<p>Es importante recordar, que dentro del proceso sanitario al que han sido sometidos los trabajadores recolectores de SACOSA, desde el mes de septiembre del a\u00f1o pasado hasta ahora han sido atendidos en una jornada de vacunaci\u00f3n contra el t\u00e9tano, la difteria y el sarampi\u00f3n y en febrero de 2015, al tratamiento contra la meningitis. <\/p>\n","protected":false},"excerpt":{"rendered":"<p>En fecha reciente, cerca de 42 trabajadores recolectores de basura, <a href=\"https:\/\/sertv.gob.pa\/nacionalfm\/realizan-jornadas-de-atencion-medica-para-obreros-de-la-basura\/\"> [&#8230;]<\/a><\/p>\n","protected":false},"author":1,"featured_media":5344,"comment_status":"closed","ping_status":"closed","sticky":false,"template":"","format":"standard","meta":{"footnotes":""},"categories":[5],"tags":[],"class_list":["post-5343","post","type-post","status-publish","format-standard","has-post-thumbnail","hentry","category-salud"],"_links":{"self":[{"href":"https:\/\/sertv.gob.pa\/nacionalfm\/wp-json\/wp\/v2\/posts\/5343","targetHints":{"allow":["GET"]}}],"collection":[{"href":"https:\/\/sertv.gob.pa\/nacionalfm\/wp-json\/wp\/v2\/posts"}],"about":[{"href":"https:\/\/sertv.gob.pa\/nacionalfm\/wp-json\/wp\/v2\/types\/post"}],"author":[{"embeddable":true,"href":"https:\/\/sertv.gob.pa\/nacionalfm\/wp-json\/wp\/v2\/users\/1"}],"replies":[{"embeddable":true,"href":"https:\/\/sertv.gob.pa\/nacionalfm\/wp-json\/wp\/v2\/comments?post=5343"}],"version-history":[{"count":0,"href":"https:\/\/sertv.gob.pa\/nacionalfm\/wp-json\/wp\/v2\/posts\/5343\/revisions"}],"wp:featuredmedia":[{"embeddable":true,"href":"https:\/\/sertv.gob.pa\/nacionalfm\/wp-json\/wp\/v2\/media\/5344"}],"wp:attachment":[{"href":"https:\/\/sertv.gob.pa\/nacionalfm\/wp-json\/wp\/v2\/media?parent=5343"}],"wp:term":[{"taxonomy":"category","embeddable":true,"href":"https:\/\/sertv.gob.pa\/nacionalfm\/wp-json\/wp\/v2\/categories?post=5343"},{"taxonomy":"post_tag","embeddable":true,"href":"https:\/\/sertv.gob.pa\/nacionalfm\/wp-json\/wp\/v2\/tags?post=5343"}],"curies":[{"name":"wp","href":"https:\/\/api.w.org\/{rel}","templated":true}]}}