{"id":5361,"date":"2015-05-20T15:07:14","date_gmt":"2015-05-20T15:07:14","guid":{"rendered":""},"modified":"2015-05-20T15:07:14","modified_gmt":"2015-05-20T15:07:14","slug":"trasplante-de-utero-esperanza-para-la-infertilidad","status":"publish","type":"post","link":"https:\/\/sertv.gob.pa\/nacionalfm\/trasplante-de-utero-esperanza-para-la-infertilidad\/","title":{"rendered":"Trasplante de \u00fatero, esperanza para la infertilidad"},"content":{"rendered":"<p>\nEl doctor  Mats Br\u00e4nnstr\u00f6m , profesor de ginecolog\u00eda de la  Universidad de Gotemburgo (Suecia),  llev\u00f3 a cabo una investigaci\u00f3n sobre el  trasplante de \u00fatero , un trabajo que le llev\u00f3 poco m\u00e1s de 10 a\u00f1os de investigaciones, y no fue hasta el 2012 cuando logr\u00f3 practicar los primeros trasplantes a dos  mujeres  con el  \u00fatero  de sus madres. <\/p>\n<p>El galeno conmocion\u00f3 al mundo entero en septiembre de 2014, cuando en  Suecia  naci\u00f3 el primer beb\u00e9 de un \u00fatero trasplantado. <\/p>\n<p>Se trat\u00f3 de una mujer, de 36 a\u00f1os, que recibi\u00f3 el \u00f3rgano de una amiga de la familia que ten\u00eda 61 a\u00f1os. <\/p>\n<p>El beb\u00e9, a quien llamaron Vincent, vino por ces\u00e1rea con 3.9 libras, y fue dado de alta a los 10 d\u00edas luego de nacer. <\/p>\n<p>El peque\u00f1o lleg\u00f3 en la semana 31 por un problema de preeclampsia materna, cuenta el cient\u00edfico. <\/p>\n<p>Desde el 2013 han realizao nueve  trasplantes , siete exitosos, tres de ellos han terminado en nacimientos de beb\u00e9s y hay una mujer embarazada que dar\u00e1 a luz en julio. <\/p>\n<p>Hasta el momento, el procedimiento se ha efectuado con  \u00fateros  de mujeres vivas, empero, en unos tres a\u00f1os podr\u00eda nacer el primer beb\u00e9 de un  \u00fatero  de donante fallecida, expres\u00f3 el galeno en una entrevista en el marco del Sexto Congreso IVI sobre Medicina Reproductiva, ocurrido en Alicante (Espa\u00f1a). <\/p>\n<p>El galeno est\u00e1 satisfecho por los resultados obtenidos hasta la fecha, pues reitera que es un procedimiento complicado, pero \u00abque ha dado frutos positivos\u00bb. <\/p>\n<p>\u00a0 <\/p>\n","protected":false},"excerpt":{"rendered":"<p>El doctor Mats Br\u00e4nnstr\u00f6m , profesor de ginecolog\u00eda de la <a href=\"https:\/\/sertv.gob.pa\/nacionalfm\/trasplante-de-utero-esperanza-para-la-infertilidad\/\"> [&#8230;]<\/a><\/p>\n","protected":false},"author":1,"featured_media":5362,"comment_status":"closed","ping_status":"closed","sticky":false,"template":"","format":"standard","meta":{"footnotes":""},"categories":[5],"tags":[],"class_list":["post-5361","post","type-post","status-publish","format-standard","has-post-thumbnail","hentry","category-salud"],"_links":{"self":[{"href":"https:\/\/sertv.gob.pa\/nacionalfm\/wp-json\/wp\/v2\/posts\/5361","targetHints":{"allow":["GET"]}}],"collection":[{"href":"https:\/\/sertv.gob.pa\/nacionalfm\/wp-json\/wp\/v2\/posts"}],"about":[{"href":"https:\/\/sertv.gob.pa\/nacionalfm\/wp-json\/wp\/v2\/types\/post"}],"author":[{"embeddable":true,"href":"https:\/\/sertv.gob.pa\/nacionalfm\/wp-json\/wp\/v2\/users\/1"}],"replies":[{"embeddable":true,"href":"https:\/\/sertv.gob.pa\/nacionalfm\/wp-json\/wp\/v2\/comments?post=5361"}],"version-history":[{"count":0,"href":"https:\/\/sertv.gob.pa\/nacionalfm\/wp-json\/wp\/v2\/posts\/5361\/revisions"}],"wp:featuredmedia":[{"embeddable":true,"href":"https:\/\/sertv.gob.pa\/nacionalfm\/wp-json\/wp\/v2\/media\/5362"}],"wp:attachment":[{"href":"https:\/\/sertv.gob.pa\/nacionalfm\/wp-json\/wp\/v2\/media?parent=5361"}],"wp:term":[{"taxonomy":"category","embeddable":true,"href":"https:\/\/sertv.gob.pa\/nacionalfm\/wp-json\/wp\/v2\/categories?post=5361"},{"taxonomy":"post_tag","embeddable":true,"href":"https:\/\/sertv.gob.pa\/nacionalfm\/wp-json\/wp\/v2\/tags?post=5361"}],"curies":[{"name":"wp","href":"https:\/\/api.w.org\/{rel}","templated":true}]}}