{"id":5375,"date":"2015-05-20T20:47:31","date_gmt":"2015-05-20T20:47:31","guid":{"rendered":""},"modified":"2015-05-20T20:47:31","modified_gmt":"2015-05-20T20:47:31","slug":"inician-ensayos-clinicos-de-vacuna-terapeutica-contra-el-sida","status":"publish","type":"post","link":"https:\/\/sertv.gob.pa\/nacionalfm\/inician-ensayos-clinicos-de-vacuna-terapeutica-contra-el-sida\/","title":{"rendered":"Inician ensayos cl\u00ednicos de vacuna terap\u00e9utica contra el sida"},"content":{"rendered":"<p>\nEn Barcelona, el Instituto de Investigaci\u00f3n del Sida IrsiCaixa, empez\u00f3 a preparar los ensayos cl\u00ednicos de su vacuna terap\u00e9utica contra el sida, que probar\u00e1 en un grupo de entre 150 y 200 voluntarios a partir del 2016. <\/p>\n<p>La vacuna dise\u00f1ada por investigadores del instituto, se ha demostrado eficaz en pruebas con animales y es la primera desarrollada en base a la respuesta inmunitaria de un grupo reducido de personas capaces de controlar la infecci\u00f3n por VIH sin tratamiento antirretroviral. <\/p>\n<p>La investigadora del IrsiCaixa Beatrix Mothe explic\u00f3 que antirretrovirales actuales frenan el progreso de la infecci\u00f3n, pero no eliminan el virus del organismo. <\/p>\n<p>Por este motivo, la estrategia m\u00e1s realista para finalizar con el VIH es con una vacuna efectiva, seg\u00fan Mothe. <\/p>\n<p>\u00a0 <\/p>\n","protected":false},"excerpt":{"rendered":"<p>En Barcelona, el Instituto de Investigaci\u00f3n del Sida IrsiCaixa, empez\u00f3 <a href=\"https:\/\/sertv.gob.pa\/nacionalfm\/inician-ensayos-clinicos-de-vacuna-terapeutica-contra-el-sida\/\"> [&#8230;]<\/a><\/p>\n","protected":false},"author":1,"featured_media":5376,"comment_status":"closed","ping_status":"closed","sticky":false,"template":"","format":"standard","meta":{"footnotes":""},"categories":[5],"tags":[],"class_list":["post-5375","post","type-post","status-publish","format-standard","has-post-thumbnail","hentry","category-salud"],"_links":{"self":[{"href":"https:\/\/sertv.gob.pa\/nacionalfm\/wp-json\/wp\/v2\/posts\/5375","targetHints":{"allow":["GET"]}}],"collection":[{"href":"https:\/\/sertv.gob.pa\/nacionalfm\/wp-json\/wp\/v2\/posts"}],"about":[{"href":"https:\/\/sertv.gob.pa\/nacionalfm\/wp-json\/wp\/v2\/types\/post"}],"author":[{"embeddable":true,"href":"https:\/\/sertv.gob.pa\/nacionalfm\/wp-json\/wp\/v2\/users\/1"}],"replies":[{"embeddable":true,"href":"https:\/\/sertv.gob.pa\/nacionalfm\/wp-json\/wp\/v2\/comments?post=5375"}],"version-history":[{"count":0,"href":"https:\/\/sertv.gob.pa\/nacionalfm\/wp-json\/wp\/v2\/posts\/5375\/revisions"}],"wp:featuredmedia":[{"embeddable":true,"href":"https:\/\/sertv.gob.pa\/nacionalfm\/wp-json\/wp\/v2\/media\/5376"}],"wp:attachment":[{"href":"https:\/\/sertv.gob.pa\/nacionalfm\/wp-json\/wp\/v2\/media?parent=5375"}],"wp:term":[{"taxonomy":"category","embeddable":true,"href":"https:\/\/sertv.gob.pa\/nacionalfm\/wp-json\/wp\/v2\/categories?post=5375"},{"taxonomy":"post_tag","embeddable":true,"href":"https:\/\/sertv.gob.pa\/nacionalfm\/wp-json\/wp\/v2\/tags?post=5375"}],"curies":[{"name":"wp","href":"https:\/\/api.w.org\/{rel}","templated":true}]}}