{"id":5387,"date":"2015-05-21T14:51:45","date_gmt":"2015-05-21T14:51:45","guid":{"rendered":""},"modified":"2015-05-21T14:51:45","modified_gmt":"2015-05-21T14:51:45","slug":"en-veraguas-mujer-fallece-por-hantavirus","status":"publish","type":"post","link":"https:\/\/sertv.gob.pa\/nacionalfm\/en-veraguas-mujer-fallece-por-hantavirus\/","title":{"rendered":"En Veraguas mujer fallece por hantavirus"},"content":{"rendered":"<p>\nAutoridades del Ministerio de Salud de Veraguas confirmaron el deceso de una mujer, de 42 a\u00f1os, por hantavirus. <\/p>\n<p>La se\u00f1ora\u00a0 viv\u00eda en el distrito de Las Palmas y es la primera defunci\u00f3n en la provincia de Veraguas por hantavirus. <\/p>\n<p>Se presume que la v\u00edctima se contagi\u00f3 en Dival\u00e1, provincia de Chiriqu\u00ed, donde estuvo por unos d\u00edas de visita. <\/p>\n","protected":false},"excerpt":{"rendered":"<p>Autoridades del Ministerio de Salud de Veraguas confirmaron el deceso <a href=\"https:\/\/sertv.gob.pa\/nacionalfm\/en-veraguas-mujer-fallece-por-hantavirus\/\"> [&#8230;]<\/a><\/p>\n","protected":false},"author":1,"featured_media":5388,"comment_status":"closed","ping_status":"closed","sticky":false,"template":"","format":"standard","meta":{"footnotes":""},"categories":[5],"tags":[],"class_list":["post-5387","post","type-post","status-publish","format-standard","has-post-thumbnail","hentry","category-salud"],"_links":{"self":[{"href":"https:\/\/sertv.gob.pa\/nacionalfm\/wp-json\/wp\/v2\/posts\/5387","targetHints":{"allow":["GET"]}}],"collection":[{"href":"https:\/\/sertv.gob.pa\/nacionalfm\/wp-json\/wp\/v2\/posts"}],"about":[{"href":"https:\/\/sertv.gob.pa\/nacionalfm\/wp-json\/wp\/v2\/types\/post"}],"author":[{"embeddable":true,"href":"https:\/\/sertv.gob.pa\/nacionalfm\/wp-json\/wp\/v2\/users\/1"}],"replies":[{"embeddable":true,"href":"https:\/\/sertv.gob.pa\/nacionalfm\/wp-json\/wp\/v2\/comments?post=5387"}],"version-history":[{"count":0,"href":"https:\/\/sertv.gob.pa\/nacionalfm\/wp-json\/wp\/v2\/posts\/5387\/revisions"}],"wp:featuredmedia":[{"embeddable":true,"href":"https:\/\/sertv.gob.pa\/nacionalfm\/wp-json\/wp\/v2\/media\/5388"}],"wp:attachment":[{"href":"https:\/\/sertv.gob.pa\/nacionalfm\/wp-json\/wp\/v2\/media?parent=5387"}],"wp:term":[{"taxonomy":"category","embeddable":true,"href":"https:\/\/sertv.gob.pa\/nacionalfm\/wp-json\/wp\/v2\/categories?post=5387"},{"taxonomy":"post_tag","embeddable":true,"href":"https:\/\/sertv.gob.pa\/nacionalfm\/wp-json\/wp\/v2\/tags?post=5387"}],"curies":[{"name":"wp","href":"https:\/\/api.w.org\/{rel}","templated":true}]}}