{"id":5391,"date":"2015-05-21T16:14:16","date_gmt":"2015-05-21T16:14:16","guid":{"rendered":""},"modified":"2015-05-21T16:14:16","modified_gmt":"2015-05-21T16:14:16","slug":"impulsan-lucha-contra-la-malaria","status":"publish","type":"post","link":"https:\/\/sertv.gob.pa\/nacionalfm\/impulsan-lucha-contra-la-malaria\/","title":{"rendered":"Impulsan lucha contra la malaria"},"content":{"rendered":"<p>\n La Organizaci\u00f3n Mundial de la Salud (OMS)  ha aprobado una resoluci\u00f3n de trascendencia hist\u00f3rica que establece el programa m\u00e1s ambicioso de lucha contra  el paludismo de los \u00faltimos 60 a\u00f1os . <\/p>\n<p>Esta es la opini\u00f3n del director del Programa de Malaria de la OMS, el espa\u00f1ol Pedro Alonso, en una entrevista con Efe, luego de \u00a0la aprobaci\u00f3n de la resoluci\u00f3n durante la Asamblea Mundial de la Salud, que se celebra esta semana en Ginebra. <\/p>\n<p>&ldquo;Esta nueva estrategia es la m\u00e1s ambiciosa desde 1955, cuando se intent\u00f3 sin \u00e9xito la erradicaci\u00f3n de la malaria&rdquo;, asegur\u00f3 Alonso. <\/p>\n<p>En 1955, poco despu\u00e9s de la creaci\u00f3n de la OMS, el organismo entendi\u00f3 que ten\u00eda el conocimiento y las herramientas para erradicar la dolencia, una estrategia que fracas\u00f3, y en 1968 se reconoci\u00f3 que no iba a ser posible eliminarla. <\/p>\n<p>&ldquo;Entonces empez\u00f3 una \u00e9poca de resignaci\u00f3n, de abandono, lo que llev\u00f3 a un resurgir de la malaria de los sesenta hasta mediados de los noventa&rdquo;, manifest\u00f3. <\/p>\n<p>Nuevos enfoques, estrategias, herramientas, f\u00e1rmacos y fondos para implementar programas de lucha contra el paludismo, al que est\u00e1 expuesto la mitad de la poblaci\u00f3n mundial, han logrado reducciones de incidencia y mortalidad de gran envergadura en los \u00faltimos tres lustros, lo que ha permitido a la OMS retomar la confianza de que es posible ganar al virus. <\/p>\n<p>&ldquo;La resoluci\u00f3n aprobada es hist\u00f3rica y se basa en los logros obtenidos durante la \u00faltima d\u00e9cadas&rdquo;, explic\u00f3 el experto. <\/p>\n<p>En el mundo hay 3 mil 200 millones de personas en peligro de contraer la malaria, mil 200 de ellos en alto riesgo. <\/p>\n<p>\u00a0 <\/p>\n","protected":false},"excerpt":{"rendered":"<p>La Organizaci\u00f3n Mundial de la Salud (OMS) ha aprobado una <a href=\"https:\/\/sertv.gob.pa\/nacionalfm\/impulsan-lucha-contra-la-malaria\/\"> [&#8230;]<\/a><\/p>\n","protected":false},"author":1,"featured_media":5392,"comment_status":"closed","ping_status":"closed","sticky":false,"template":"","format":"standard","meta":{"footnotes":""},"categories":[5],"tags":[],"class_list":["post-5391","post","type-post","status-publish","format-standard","has-post-thumbnail","hentry","category-salud"],"_links":{"self":[{"href":"https:\/\/sertv.gob.pa\/nacionalfm\/wp-json\/wp\/v2\/posts\/5391","targetHints":{"allow":["GET"]}}],"collection":[{"href":"https:\/\/sertv.gob.pa\/nacionalfm\/wp-json\/wp\/v2\/posts"}],"about":[{"href":"https:\/\/sertv.gob.pa\/nacionalfm\/wp-json\/wp\/v2\/types\/post"}],"author":[{"embeddable":true,"href":"https:\/\/sertv.gob.pa\/nacionalfm\/wp-json\/wp\/v2\/users\/1"}],"replies":[{"embeddable":true,"href":"https:\/\/sertv.gob.pa\/nacionalfm\/wp-json\/wp\/v2\/comments?post=5391"}],"version-history":[{"count":0,"href":"https:\/\/sertv.gob.pa\/nacionalfm\/wp-json\/wp\/v2\/posts\/5391\/revisions"}],"wp:featuredmedia":[{"embeddable":true,"href":"https:\/\/sertv.gob.pa\/nacionalfm\/wp-json\/wp\/v2\/media\/5392"}],"wp:attachment":[{"href":"https:\/\/sertv.gob.pa\/nacionalfm\/wp-json\/wp\/v2\/media?parent=5391"}],"wp:term":[{"taxonomy":"category","embeddable":true,"href":"https:\/\/sertv.gob.pa\/nacionalfm\/wp-json\/wp\/v2\/categories?post=5391"},{"taxonomy":"post_tag","embeddable":true,"href":"https:\/\/sertv.gob.pa\/nacionalfm\/wp-json\/wp\/v2\/tags?post=5391"}],"curies":[{"name":"wp","href":"https:\/\/api.w.org\/{rel}","templated":true}]}}