{"id":543,"date":"2014-07-26T05:00:00","date_gmt":"2014-07-26T05:00:00","guid":{"rendered":""},"modified":"2014-07-26T05:00:00","modified_gmt":"2014-07-26T05:00:00","slug":"tomemos-medidas-contra-el-asma","status":"publish","type":"post","link":"https:\/\/sertv.gob.pa\/nacionalfm\/tomemos-medidas-contra-el-asma\/","title":{"rendered":"Tomemos medidas contra el asma"},"content":{"rendered":"<p>\nLa  Organizaci\u00f3n Mundial   de la Salud  (OMS) calcula que, en la actualidad, hay 235 millones de pacientes con asma. <\/p>\n<p>Se trata de una enfermedad que cobrar\u00e1 un 20% m\u00e1s de v\u00edctimas fatales en los pr\u00f3ximos 10 a\u00f1os si no se toman medidas urgentes, advierte la OMS. <\/p>\n<p> En Panam\u00e1, seg\u00fan los Indicadores B\u00e1sicos de Salud Panam\u00e1 2014, el asma se halla entre las 20 primeras causas de consulta externa.  <\/p>\n<p>El asma es una enfermedad heterog\u00e9nea donde intervienen varios componentes, entre ellos los inflamatorios y donde existen distintos fenotipos. Es aqu\u00ed donde aparece el asma al\u00e9rgica y la no al\u00e9rgica. <\/p>\n<p>Hay un grupo de pacientes asm\u00e1ticos en los que la causa es por alergia; es decir, asma al\u00e9rgica, se\u00f1ala el doctor Paolo Tassinari, especialista en inmunogen\u00e9tica y asma al\u00e9rgica severa. <\/p>\n<p>En los factores desencadenantes del asma al\u00e9rgica existen mecanismos espec\u00edficos e inespec\u00edficos, afirma el doctor. <\/p>\n<p>Los primeros son los \u00e1caros, p\u00f3lenes, grama, perros y gatos, porque el individuo produce una respuesta inflamatoria espec\u00edfica contra ese ant\u00edgeno (sustancia extra\u00f1a que desencadena en el individuo una reacci\u00f3n extra\u00f1a), mientras que en los mecanismos inespec\u00edficos est\u00e1 el fr\u00edo, calor y olores fuertes. <\/p>\n<p> En Panam\u00e1, la primera causa de ant\u00edgeno que produce asma son los \u00e1caros.  <\/p>\n<p>La gu\u00eda Iniciativa  Global para el Asma 2014 , para el manejo de este mal, ha declarado que se cuenta con la terapia adecuada, los f\u00e1rmacos son buenos y hay que saberlos usar \u00a1Error! Referencia de hiperv\u00ednculo no v\u00e1lida. , pero lo que recomienda la gu\u00eda es sacar provecho a los tratamientos que existen.\u00a0 @nacionalFm <\/p>\n<p>\u00a0 <\/p>\n","protected":false},"excerpt":{"rendered":"<p>La Organizaci\u00f3n Mundial de la Salud (OMS) calcula que, en <a href=\"https:\/\/sertv.gob.pa\/nacionalfm\/tomemos-medidas-contra-el-asma\/\"> [&#8230;]<\/a><\/p>\n","protected":false},"author":1,"featured_media":544,"comment_status":"closed","ping_status":"closed","sticky":false,"template":"","format":"standard","meta":{"footnotes":""},"categories":[5],"tags":[],"class_list":["post-543","post","type-post","status-publish","format-standard","has-post-thumbnail","hentry","category-salud"],"_links":{"self":[{"href":"https:\/\/sertv.gob.pa\/nacionalfm\/wp-json\/wp\/v2\/posts\/543","targetHints":{"allow":["GET"]}}],"collection":[{"href":"https:\/\/sertv.gob.pa\/nacionalfm\/wp-json\/wp\/v2\/posts"}],"about":[{"href":"https:\/\/sertv.gob.pa\/nacionalfm\/wp-json\/wp\/v2\/types\/post"}],"author":[{"embeddable":true,"href":"https:\/\/sertv.gob.pa\/nacionalfm\/wp-json\/wp\/v2\/users\/1"}],"replies":[{"embeddable":true,"href":"https:\/\/sertv.gob.pa\/nacionalfm\/wp-json\/wp\/v2\/comments?post=543"}],"version-history":[{"count":0,"href":"https:\/\/sertv.gob.pa\/nacionalfm\/wp-json\/wp\/v2\/posts\/543\/revisions"}],"wp:featuredmedia":[{"embeddable":true,"href":"https:\/\/sertv.gob.pa\/nacionalfm\/wp-json\/wp\/v2\/media\/544"}],"wp:attachment":[{"href":"https:\/\/sertv.gob.pa\/nacionalfm\/wp-json\/wp\/v2\/media?parent=543"}],"wp:term":[{"taxonomy":"category","embeddable":true,"href":"https:\/\/sertv.gob.pa\/nacionalfm\/wp-json\/wp\/v2\/categories?post=543"},{"taxonomy":"post_tag","embeddable":true,"href":"https:\/\/sertv.gob.pa\/nacionalfm\/wp-json\/wp\/v2\/tags?post=543"}],"curies":[{"name":"wp","href":"https:\/\/api.w.org\/{rel}","templated":true}]}}