{"id":5443,"date":"2015-05-25T16:52:34","date_gmt":"2015-05-25T16:52:34","guid":{"rendered":""},"modified":"2015-05-25T16:52:34","modified_gmt":"2015-05-25T16:52:34","slug":"realizan-feria-de-salud-personal-de-la-css","status":"publish","type":"post","link":"https:\/\/sertv.gob.pa\/nacionalfm\/realizan-feria-de-salud-personal-de-la-css\/","title":{"rendered":"Realizan Feria de Salud personal de la CSS"},"content":{"rendered":"<p>\n\u00a0 <\/p>\n<p>Recientemente, se llev\u00f3 a ejecuci\u00f3n, una feria de salud, la cual tuvo como sede \u00a0El Fuerte de Milla 8, y que estuvo organizada por la coordinaci\u00f3n de la Cl\u00ednica de Diabetes de la Unidad Local de Atenci\u00f3n Primaria en Salud (ULAPS) Edilberto Culiolis, en Las Cumbres. Esto se dio, como parte de las actividades de la semana de la Diabetes. <\/p>\n<p>Durante el desarrollo de esta gesti\u00f3n, aproximadamente, se dieron 50 mediciones de glicemia, 60 tomas de presi\u00f3n arterial, 75 vacunas contra la influenza, 9 refuerzos de t\u00e9tano y una d\u00f3sis de neumococo se aplicaron a las personas que aprovecharon estos servicios de atenci\u00f3n primaria en salud. <\/p>\n<p>Conjuntamente, se les provey\u00f3 material educativo con temas como: diabetes y actividad f\u00edsica, enfermedad cerebrovascular, hipertensi\u00f3n arterial, insuficiencia renal y cuidado de los pies del paciente diab\u00e9tico. <\/p>\n","protected":false},"excerpt":{"rendered":"<p>\u00a0 Recientemente, se llev\u00f3 a ejecuci\u00f3n, una feria de salud, <a href=\"https:\/\/sertv.gob.pa\/nacionalfm\/realizan-feria-de-salud-personal-de-la-css\/\"> [&#8230;]<\/a><\/p>\n","protected":false},"author":1,"featured_media":5444,"comment_status":"closed","ping_status":"closed","sticky":false,"template":"","format":"standard","meta":{"footnotes":""},"categories":[5],"tags":[],"class_list":["post-5443","post","type-post","status-publish","format-standard","has-post-thumbnail","hentry","category-salud"],"_links":{"self":[{"href":"https:\/\/sertv.gob.pa\/nacionalfm\/wp-json\/wp\/v2\/posts\/5443","targetHints":{"allow":["GET"]}}],"collection":[{"href":"https:\/\/sertv.gob.pa\/nacionalfm\/wp-json\/wp\/v2\/posts"}],"about":[{"href":"https:\/\/sertv.gob.pa\/nacionalfm\/wp-json\/wp\/v2\/types\/post"}],"author":[{"embeddable":true,"href":"https:\/\/sertv.gob.pa\/nacionalfm\/wp-json\/wp\/v2\/users\/1"}],"replies":[{"embeddable":true,"href":"https:\/\/sertv.gob.pa\/nacionalfm\/wp-json\/wp\/v2\/comments?post=5443"}],"version-history":[{"count":0,"href":"https:\/\/sertv.gob.pa\/nacionalfm\/wp-json\/wp\/v2\/posts\/5443\/revisions"}],"wp:featuredmedia":[{"embeddable":true,"href":"https:\/\/sertv.gob.pa\/nacionalfm\/wp-json\/wp\/v2\/media\/5444"}],"wp:attachment":[{"href":"https:\/\/sertv.gob.pa\/nacionalfm\/wp-json\/wp\/v2\/media?parent=5443"}],"wp:term":[{"taxonomy":"category","embeddable":true,"href":"https:\/\/sertv.gob.pa\/nacionalfm\/wp-json\/wp\/v2\/categories?post=5443"},{"taxonomy":"post_tag","embeddable":true,"href":"https:\/\/sertv.gob.pa\/nacionalfm\/wp-json\/wp\/v2\/tags?post=5443"}],"curies":[{"name":"wp","href":"https:\/\/api.w.org\/{rel}","templated":true}]}}