{"id":545,"date":"2014-07-26T05:00:00","date_gmt":"2014-07-26T05:00:00","guid":{"rendered":""},"modified":"2014-07-26T05:00:00","modified_gmt":"2014-07-26T05:00:00","slug":"acelerar-el-paso-contra-el-vih","status":"publish","type":"post","link":"https:\/\/sertv.gob.pa\/nacionalfm\/acelerar-el-paso-contra-el-vih\/","title":{"rendered":"\u201cAcelerar el paso\u201d contra el VIH"},"content":{"rendered":"<p>\nEsta semana la ciudad de Melbourne (Australia) se ha vestido de rojo para simbolizar la lucha mundial que existe contra el virus de inmunodeficiencia humana (VIH), un agente que ocasiona el s\u00edndrome de inmunodeficiencia adquirida (sida) en su etapa consecuente. <\/p>\n<p>El viernes 25 concluy\u00f3 en ese estado la Conferencia internacional sobre el sida, que en su duod\u00e9cima versi\u00f3n adopta como lema &ldquo;Stepping up the pace&rdquo; (Acelerar el paso) en el sentido de intensificar todos los esfuerzos, con miras a que en 2030 se logre el objetivo del sida. <\/p>\n<p>Y es que los resultados que se han obtenido en los \u00faltimos 15 a\u00f1os han sido alentadores, si se toma en cuenta que en la conferencia se ha indicado que las nuevas infecciones por el VIH han disminuido un 38% desde 2001. <\/p>\n<p>En 2013, 2.1 millones de personas contrajeron el VIH, mientras que en 2001 esto hab\u00eda ocurrido en 3.4 millones de individuos. <\/p>\n<p>Otra noticia positiva es que surgen cada vez menos casos nuevos de ni\u00f1os viviendo con la infecci\u00f3n, pues en esta poblaci\u00f3n se ha reducido en un 58% desde 2001. En este caso, 240 mil infantes contrajeron el VIH en 2013, mientras que en 2001 esta cifra estaba en 580 mil casos. <\/p>\n<p>Para C\u00e9sar N\u00fa\u00f1ez, director regional de Onusida para Am\u00e9rica Latina, el hecho de que a la fecha 12.9 millones tengan acceso a la terapia antirretroviral tiene mucho que ver en este alcance. <\/p>\n<p>Igulamente, N\u00fa\u00f1ez agrrega que una mayor conciencia de la prevenci\u00f3n ha sido otro factor que ha logrado este impacto positivo en esta lucha contra el VIH, una batalla que empez\u00f3 hace 33 a\u00f1os y a lo largo de este camino le ha arrebatado la vida a 39 millones de personas. Se estima que 35 millones viven, a la fecha, con el VIH.\u00a0 @nacionalFm <\/p>\n<p>\u00a0 <\/p>\n","protected":false},"excerpt":{"rendered":"<p>Esta semana la ciudad de Melbourne (Australia) se ha vestido <a href=\"https:\/\/sertv.gob.pa\/nacionalfm\/acelerar-el-paso-contra-el-vih\/\"> [&#8230;]<\/a><\/p>\n","protected":false},"author":1,"featured_media":546,"comment_status":"closed","ping_status":"closed","sticky":false,"template":"","format":"standard","meta":{"footnotes":""},"categories":[5],"tags":[],"class_list":["post-545","post","type-post","status-publish","format-standard","has-post-thumbnail","hentry","category-salud"],"_links":{"self":[{"href":"https:\/\/sertv.gob.pa\/nacionalfm\/wp-json\/wp\/v2\/posts\/545","targetHints":{"allow":["GET"]}}],"collection":[{"href":"https:\/\/sertv.gob.pa\/nacionalfm\/wp-json\/wp\/v2\/posts"}],"about":[{"href":"https:\/\/sertv.gob.pa\/nacionalfm\/wp-json\/wp\/v2\/types\/post"}],"author":[{"embeddable":true,"href":"https:\/\/sertv.gob.pa\/nacionalfm\/wp-json\/wp\/v2\/users\/1"}],"replies":[{"embeddable":true,"href":"https:\/\/sertv.gob.pa\/nacionalfm\/wp-json\/wp\/v2\/comments?post=545"}],"version-history":[{"count":0,"href":"https:\/\/sertv.gob.pa\/nacionalfm\/wp-json\/wp\/v2\/posts\/545\/revisions"}],"wp:featuredmedia":[{"embeddable":true,"href":"https:\/\/sertv.gob.pa\/nacionalfm\/wp-json\/wp\/v2\/media\/546"}],"wp:attachment":[{"href":"https:\/\/sertv.gob.pa\/nacionalfm\/wp-json\/wp\/v2\/media?parent=545"}],"wp:term":[{"taxonomy":"category","embeddable":true,"href":"https:\/\/sertv.gob.pa\/nacionalfm\/wp-json\/wp\/v2\/categories?post=545"},{"taxonomy":"post_tag","embeddable":true,"href":"https:\/\/sertv.gob.pa\/nacionalfm\/wp-json\/wp\/v2\/tags?post=545"}],"curies":[{"name":"wp","href":"https:\/\/api.w.org\/{rel}","templated":true}]}}