{"id":5465,"date":"2015-05-26T17:12:51","date_gmt":"2015-05-26T17:12:51","guid":{"rendered":""},"modified":"2015-05-26T17:12:51","modified_gmt":"2015-05-26T17:12:51","slug":"establecen-en-rio-abajo-sistema-digital-seis","status":"publish","type":"post","link":"https:\/\/sertv.gob.pa\/nacionalfm\/establecen-en-rio-abajo-sistema-digital-seis\/","title":{"rendered":"Establecen en R\u00edo Abajo, sistema digital \u201cSEIS\u201d"},"content":{"rendered":"<p>\nEste martes, 26 de mayo, el Centro de Salud de R\u00edo Abajo se convierte en la tercera instalaci\u00f3n del Ministerio de Salud (MINSA), en donde se implementa el Sistema Electr\u00f3nico de Informaci\u00f3n de Salud  (SEIS).  <\/p>\n<p>A trav\u00e9s de este sistema los expedientes de los pacientes ser\u00e1n digitalizados, permitiendo que sea \u00a0consultado en cualquiera de las instalaciones del MINSA que cuente con este programa. <\/p>\n<p>Al contar, con este m\u00e9todo, el beneficio que obtendr\u00e1 la poblaci\u00f3n es que permite un f\u00e1cil control y seguimiento de su condici\u00f3n de salud y los tr\u00e1mites de \u00f3rdenes de radiolog\u00eda, farmacia y laboratorio se realizar\u00e1n desde el consultorio. Al mismo tiempo, se garantiza la confidencialidad del expediente. <\/p>\n<p>En la actualidad, los centros de salud de El Chorrillo y Santa Ana tambi\u00e9n se adicionaron al  SEIS,  y ma\u00f1ana mi\u00e9rcoles 27 de mayo, se instala en Pueblo Nuevo.\u00a0 <\/p>\n<p>Conforme al viceministro de Salud, Miguel Mayo, con este sistema se quiere llegar en 300 instalaciones a nivel nacional. <\/p>\n<p>Cabe resaltar, que este sistema tambi\u00e9n beneficia a los extranjeros que moran en Panam\u00e1. No obstante para recurrir a el solo deben mostrar su pasaporte para registrarse. <\/p>\n<p>\u00a0 <\/p>\n","protected":false},"excerpt":{"rendered":"<p>Este martes, 26 de mayo, el Centro de Salud de <a href=\"https:\/\/sertv.gob.pa\/nacionalfm\/establecen-en-rio-abajo-sistema-digital-seis\/\"> [&#8230;]<\/a><\/p>\n","protected":false},"author":1,"featured_media":5466,"comment_status":"closed","ping_status":"closed","sticky":false,"template":"","format":"standard","meta":{"footnotes":""},"categories":[5],"tags":[],"class_list":["post-5465","post","type-post","status-publish","format-standard","has-post-thumbnail","hentry","category-salud"],"_links":{"self":[{"href":"https:\/\/sertv.gob.pa\/nacionalfm\/wp-json\/wp\/v2\/posts\/5465","targetHints":{"allow":["GET"]}}],"collection":[{"href":"https:\/\/sertv.gob.pa\/nacionalfm\/wp-json\/wp\/v2\/posts"}],"about":[{"href":"https:\/\/sertv.gob.pa\/nacionalfm\/wp-json\/wp\/v2\/types\/post"}],"author":[{"embeddable":true,"href":"https:\/\/sertv.gob.pa\/nacionalfm\/wp-json\/wp\/v2\/users\/1"}],"replies":[{"embeddable":true,"href":"https:\/\/sertv.gob.pa\/nacionalfm\/wp-json\/wp\/v2\/comments?post=5465"}],"version-history":[{"count":0,"href":"https:\/\/sertv.gob.pa\/nacionalfm\/wp-json\/wp\/v2\/posts\/5465\/revisions"}],"wp:featuredmedia":[{"embeddable":true,"href":"https:\/\/sertv.gob.pa\/nacionalfm\/wp-json\/wp\/v2\/media\/5466"}],"wp:attachment":[{"href":"https:\/\/sertv.gob.pa\/nacionalfm\/wp-json\/wp\/v2\/media?parent=5465"}],"wp:term":[{"taxonomy":"category","embeddable":true,"href":"https:\/\/sertv.gob.pa\/nacionalfm\/wp-json\/wp\/v2\/categories?post=5465"},{"taxonomy":"post_tag","embeddable":true,"href":"https:\/\/sertv.gob.pa\/nacionalfm\/wp-json\/wp\/v2\/tags?post=5465"}],"curies":[{"name":"wp","href":"https:\/\/api.w.org\/{rel}","templated":true}]}}