{"id":54729,"date":"2020-07-13T21:21:25","date_gmt":"2020-07-13T21:21:25","guid":{"rendered":"https:\/\/sertv.gob.pa\/nacionalfm\/?p=54729"},"modified":"2020-07-13T21:21:25","modified_gmt":"2020-07-13T21:21:25","slug":"refuerzan-la-torre-covid-19-en-chiriqui-tras-adquisicion-de-50-nuevas-camas","status":"publish","type":"post","link":"https:\/\/sertv.gob.pa\/nacionalfm\/refuerzan-la-torre-covid-19-en-chiriqui-tras-adquisicion-de-50-nuevas-camas\/","title":{"rendered":"Refuerzan la torre COVID-19 en Chiriqu\u00ed, tras adquisici\u00f3n de 50 nuevas camas"},"content":{"rendered":"<p>Autoridades m\u00e9dicas del Hospital \u201cDr. Rafael Hern\u00e1ndez L.\u201d de la Caja de Seguro Social (CSS), en David, Chiriqu\u00ed, recibieron de la Direcci\u00f3n General, cincuentas nuevas camas, a fin de reforzar el servicio de salud que se brinda en la nueva torre COVID-19, del centro hospitalario.<\/p>\n<p>Al respecto, el Dr. Rolando Caballero, director m\u00e9dico de dicho hospital, manifest\u00f3, \u00a0que estas 50 camas ser\u00e1n distribuidas de la siguiente manera:<\/p>\n<p><strong>25 camas para el quinto piso del edificio nuevo, donde se crear\u00e1 una nueva sala. <\/strong><\/p>\n<p><strong>Se asignar\u00e1n 10 camas a la unidad de cuidados intensivos (UCI) de COVID, donde se espera elevar la cifra a 36 camas.<\/strong><\/p>\n<p><strong>Las otras 15 camas, fueron llevadas al edificio viejo, para completar algunas camas que se hab\u00edan sacado de algunas salas, por la urgencia de la pandemia, precis\u00f3, el Dr. Caballero. <\/strong><\/p>\n<p>&nbsp;<\/p>\n<p>Fuente: CSS<\/p>\n","protected":false},"excerpt":{"rendered":"<p>Autoridades m\u00e9dicas del Hospital \u201cDr. Rafael Hern\u00e1ndez L.\u201d de la <a href=\"https:\/\/sertv.gob.pa\/nacionalfm\/refuerzan-la-torre-covid-19-en-chiriqui-tras-adquisicion-de-50-nuevas-camas\/\"> [&#8230;]<\/a><\/p>\n","protected":false},"author":9,"featured_media":54730,"comment_status":"closed","ping_status":"closed","sticky":false,"template":"","format":"standard","meta":{"footnotes":""},"categories":[5],"tags":[],"class_list":["post-54729","post","type-post","status-publish","format-standard","has-post-thumbnail","hentry","category-salud"],"_links":{"self":[{"href":"https:\/\/sertv.gob.pa\/nacionalfm\/wp-json\/wp\/v2\/posts\/54729","targetHints":{"allow":["GET"]}}],"collection":[{"href":"https:\/\/sertv.gob.pa\/nacionalfm\/wp-json\/wp\/v2\/posts"}],"about":[{"href":"https:\/\/sertv.gob.pa\/nacionalfm\/wp-json\/wp\/v2\/types\/post"}],"author":[{"embeddable":true,"href":"https:\/\/sertv.gob.pa\/nacionalfm\/wp-json\/wp\/v2\/users\/9"}],"replies":[{"embeddable":true,"href":"https:\/\/sertv.gob.pa\/nacionalfm\/wp-json\/wp\/v2\/comments?post=54729"}],"version-history":[{"count":1,"href":"https:\/\/sertv.gob.pa\/nacionalfm\/wp-json\/wp\/v2\/posts\/54729\/revisions"}],"predecessor-version":[{"id":54732,"href":"https:\/\/sertv.gob.pa\/nacionalfm\/wp-json\/wp\/v2\/posts\/54729\/revisions\/54732"}],"wp:featuredmedia":[{"embeddable":true,"href":"https:\/\/sertv.gob.pa\/nacionalfm\/wp-json\/wp\/v2\/media\/54730"}],"wp:attachment":[{"href":"https:\/\/sertv.gob.pa\/nacionalfm\/wp-json\/wp\/v2\/media?parent=54729"}],"wp:term":[{"taxonomy":"category","embeddable":true,"href":"https:\/\/sertv.gob.pa\/nacionalfm\/wp-json\/wp\/v2\/categories?post=54729"},{"taxonomy":"post_tag","embeddable":true,"href":"https:\/\/sertv.gob.pa\/nacionalfm\/wp-json\/wp\/v2\/tags?post=54729"}],"curies":[{"name":"wp","href":"https:\/\/api.w.org\/{rel}","templated":true}]}}