{"id":5509,"date":"2015-05-29T15:43:54","date_gmt":"2015-05-29T15:43:54","guid":{"rendered":""},"modified":"2015-05-29T15:43:54","modified_gmt":"2015-05-29T15:43:54","slug":"se-duplica-aumento-del-sida","status":"publish","type":"post","link":"https:\/\/sertv.gob.pa\/nacionalfm\/se-duplica-aumento-del-sida\/","title":{"rendered":"Se duplica aumento del Sida"},"content":{"rendered":"<p>\nEn los \u00faltimos dos a\u00f1os se ha duplicado la cantidad de personas que acuden, por primera vez, a las salas de infectolog\u00eda del Hospital Santo Tom\u00e1s (HST) y del Complejo Arnulfo Arias Madrid de la Caja de Seguro Social (CSS) por el S\u00edndrome de Inmunodeficiencia Adquirida (Sida) que se registra en Panam\u00e1. <\/p>\n<p>La situaci\u00f3n es cr\u00edtica, pues antes ambas entidades reportaban 50 casos nuevos por mes. Ahora son 100 los que se incorporan a las terapias antirretrovirales y su mayor\u00eda, en estado de sida. \u00a0 <\/p>\n<p>La Fundaci\u00f3n Pro Bienestar y Dignidad de las personas afectadas por el VIH\/sida (Probidsida) estima que Panam\u00e1 est\u00e1 &ldquo;lejos de disminuir los casos, porque est\u00e1n aumentando catastr\u00f3ficamente&rdquo;.\u00a0 <\/p>\n<p>Datos del Ministerio de Salud (Minsa) dan cuenta que, en Panam\u00e1, desde que se detect\u00f3 el virus en 1984, se han diagnosticado a 21 mil personas, de las cuales, 16 mil est\u00e1n en etapa sida.\u00a0 <\/p>\n<p>M\u00e9dicos del HST indicaron que la sala de infectolog\u00eda tiene todas las camas ocupadas y hay 18 pacientes hospitalizados a la espera de ser trasladados a esta zona especial. <\/p>\n<p>En tanto, en la cl\u00ednica de Terapia Antirretroviral del Complejo los casos nuevos van en aumento, lo que inquieta a los infect\u00f3logos porque la mayor\u00eda son j\u00f3venes. <\/p>\n<p>\u00a0 <\/p>\n","protected":false},"excerpt":{"rendered":"<p>En los \u00faltimos dos a\u00f1os se ha duplicado la cantidad <a href=\"https:\/\/sertv.gob.pa\/nacionalfm\/se-duplica-aumento-del-sida\/\"> [&#8230;]<\/a><\/p>\n","protected":false},"author":1,"featured_media":5510,"comment_status":"closed","ping_status":"closed","sticky":false,"template":"","format":"standard","meta":{"footnotes":""},"categories":[5],"tags":[],"class_list":["post-5509","post","type-post","status-publish","format-standard","has-post-thumbnail","hentry","category-salud"],"_links":{"self":[{"href":"https:\/\/sertv.gob.pa\/nacionalfm\/wp-json\/wp\/v2\/posts\/5509","targetHints":{"allow":["GET"]}}],"collection":[{"href":"https:\/\/sertv.gob.pa\/nacionalfm\/wp-json\/wp\/v2\/posts"}],"about":[{"href":"https:\/\/sertv.gob.pa\/nacionalfm\/wp-json\/wp\/v2\/types\/post"}],"author":[{"embeddable":true,"href":"https:\/\/sertv.gob.pa\/nacionalfm\/wp-json\/wp\/v2\/users\/1"}],"replies":[{"embeddable":true,"href":"https:\/\/sertv.gob.pa\/nacionalfm\/wp-json\/wp\/v2\/comments?post=5509"}],"version-history":[{"count":0,"href":"https:\/\/sertv.gob.pa\/nacionalfm\/wp-json\/wp\/v2\/posts\/5509\/revisions"}],"wp:featuredmedia":[{"embeddable":true,"href":"https:\/\/sertv.gob.pa\/nacionalfm\/wp-json\/wp\/v2\/media\/5510"}],"wp:attachment":[{"href":"https:\/\/sertv.gob.pa\/nacionalfm\/wp-json\/wp\/v2\/media?parent=5509"}],"wp:term":[{"taxonomy":"category","embeddable":true,"href":"https:\/\/sertv.gob.pa\/nacionalfm\/wp-json\/wp\/v2\/categories?post=5509"},{"taxonomy":"post_tag","embeddable":true,"href":"https:\/\/sertv.gob.pa\/nacionalfm\/wp-json\/wp\/v2\/tags?post=5509"}],"curies":[{"name":"wp","href":"https:\/\/api.w.org\/{rel}","templated":true}]}}