{"id":55178,"date":"2020-07-21T21:34:15","date_gmt":"2020-07-21T21:34:15","guid":{"rendered":"https:\/\/sertv.gob.pa\/nacionalfm\/?p=55178"},"modified":"2020-07-22T12:19:32","modified_gmt":"2020-07-22T12:19:32","slug":"presidente-de-panama-laurentino-cortizo-cohen-anuncio-transferencia-del-vale-digital-los-dias-21-22-y-23-de-julio-para-251119-beneficiados","status":"publish","type":"post","link":"https:\/\/sertv.gob.pa\/nacionalfm\/presidente-de-panama-laurentino-cortizo-cohen-anuncio-transferencia-del-vale-digital-los-dias-21-22-y-23-de-julio-para-251119-beneficiados\/","title":{"rendered":"Presidente de Panam\u00e1, Laurentino Cortizo Cohen, anunci\u00f3 transferencia del \u201cVale Digital\u201d, los d\u00edas 21, 22 y 23 de julio para 251,119 beneficiados"},"content":{"rendered":"<p><strong>El presidente de la Rep\u00fablica de Panam\u00e1, Laurentino Cortizo Cohen, anunci\u00f3 que los d\u00edas 21, 22 y 23 de julio se har\u00e1 efectiva una nueva transferencia del Vale Digital, que beneficiar\u00e1 a 251,119 personas.<\/strong><\/p>\n<p>Adem\u00e1s de las recargas correspondientes, se incluye una nueva transferencia del Vale Digital a personas del circuito 8-8, donde previamente, se entregaron vales f\u00edsicos del programa Panam\u00e1 Solidario.<\/p>\n<p><strong>Los beneficiados de esta transferencia, ser\u00e1n los residentes de los corregimientos de: Don Bosco, Juan D\u00edaz, Parque Lefevre, R\u00edo Abajo, San Francisco, Alcalde D\u00edaz, Caimitillo, Chilibre, Ernesto C\u00f3rdoba, Las Cumbres, 24 de Diciembre, Las Garzas, Ma\u00f1anitas, Pacora, Pedregal, San Mart\u00edn, Tocumen y Cerro Silvestre.<\/strong><\/p>\n<p><strong>Igualmente, se incluye a operadores tur\u00edsticos registrados en la Autoridad de Turismo de Panam\u00e1 (ATP), jugadores de la Asociaci\u00f3n de Futbolistas de Panam\u00e1 (AFUTPA), de la primera y segunda divisi\u00f3n, Torneo Reserva y Liga de F\u00fatbol Femenino. Del mismo modo, a entrenadores miembros de APETFUTPA, as\u00ed como a jugadores de divisiones menores, f\u00fatbol aficionado y profesional, que cumplan con los requisitos y exclusiones.<\/strong><\/p>\n<p><strong>Cabe enfatizar, que el Vale Digital, es por un monto de B\/.100, que los beneficiados pueden hacer efectivo con su c\u00e9dula de identidad personal en los supermercados o farmacias para comprar alimentos y medicinas.<\/strong><strong> Forma parte de una de las ayudas econ\u00f3micas que otorga el Gobierno Nacional, a las personas afectadas por las consecuencias del COVID-19.<\/strong><\/p>\n<p><strong>Se les recuerda a todos los beneficiados, que deben verificar su saldo antes de su visita al supermercado o a farmacias llamando al 140, accediendo a la web panamasolidario.gob.pa o contactando a S.A.R.A. a trav\u00e9s del link: sara.innovacion.gob.pa.<\/strong><\/p>\n<p><strong>\u00a0<\/strong><\/p>\n<p>Fuente: Presidencia de la Rep\u00fablica de Panam\u00e1<\/p>\n","protected":false},"excerpt":{"rendered":"<p>El presidente de la Rep\u00fablica de Panam\u00e1, Laurentino Cortizo Cohen, <a href=\"https:\/\/sertv.gob.pa\/nacionalfm\/presidente-de-panama-laurentino-cortizo-cohen-anuncio-transferencia-del-vale-digital-los-dias-21-22-y-23-de-julio-para-251119-beneficiados\/\"> [&#8230;]<\/a><\/p>\n","protected":false},"author":9,"featured_media":55175,"comment_status":"closed","ping_status":"closed","sticky":false,"template":"","format":"standard","meta":{"footnotes":""},"categories":[2],"tags":[],"class_list":["post-55178","post","type-post","status-publish","format-standard","has-post-thumbnail","hentry","category-nacionales"],"_links":{"self":[{"href":"https:\/\/sertv.gob.pa\/nacionalfm\/wp-json\/wp\/v2\/posts\/55178","targetHints":{"allow":["GET"]}}],"collection":[{"href":"https:\/\/sertv.gob.pa\/nacionalfm\/wp-json\/wp\/v2\/posts"}],"about":[{"href":"https:\/\/sertv.gob.pa\/nacionalfm\/wp-json\/wp\/v2\/types\/post"}],"author":[{"embeddable":true,"href":"https:\/\/sertv.gob.pa\/nacionalfm\/wp-json\/wp\/v2\/users\/9"}],"replies":[{"embeddable":true,"href":"https:\/\/sertv.gob.pa\/nacionalfm\/wp-json\/wp\/v2\/comments?post=55178"}],"version-history":[{"count":1,"href":"https:\/\/sertv.gob.pa\/nacionalfm\/wp-json\/wp\/v2\/posts\/55178\/revisions"}],"predecessor-version":[{"id":55179,"href":"https:\/\/sertv.gob.pa\/nacionalfm\/wp-json\/wp\/v2\/posts\/55178\/revisions\/55179"}],"wp:featuredmedia":[{"embeddable":true,"href":"https:\/\/sertv.gob.pa\/nacionalfm\/wp-json\/wp\/v2\/media\/55175"}],"wp:attachment":[{"href":"https:\/\/sertv.gob.pa\/nacionalfm\/wp-json\/wp\/v2\/media?parent=55178"}],"wp:term":[{"taxonomy":"category","embeddable":true,"href":"https:\/\/sertv.gob.pa\/nacionalfm\/wp-json\/wp\/v2\/categories?post=55178"},{"taxonomy":"post_tag","embeddable":true,"href":"https:\/\/sertv.gob.pa\/nacionalfm\/wp-json\/wp\/v2\/tags?post=55178"}],"curies":[{"name":"wp","href":"https:\/\/api.w.org\/{rel}","templated":true}]}}