{"id":5539,"date":"2015-06-01T15:19:38","date_gmt":"2015-06-01T15:19:38","guid":{"rendered":""},"modified":"2015-06-01T15:19:38","modified_gmt":"2015-06-01T15:19:38","slug":"censo-nacional-de-salud-preventiva-con-malos-resultados","status":"publish","type":"post","link":"https:\/\/sertv.gob.pa\/nacionalfm\/censo-nacional-de-salud-preventiva-con-malos-resultados\/","title":{"rendered":"Censo Nacional De Salud Preventiva con malos resultados"},"content":{"rendered":"<p>\nLa primera fase del Censo Nacional de Salud Preventiva, que se realiz\u00f3\u00a0en el distrito\u00a0de San Miguelito la semana pasada, culmin\u00f3 con resultados preliminares desfavorables.\u00a0 <\/p>\n<p>Julio Garc\u00eda Valarini, coordinador del programa de salud &ndash;adscrito a la Presidencia de la Rep\u00fablica&ndash;, explic\u00f3 que de las 905 personas mayores de 40 a\u00f1os que fueron examinadas, el 20% padece hipertensi\u00f3n (presi\u00f3n alta), diabetes y dislipidemia (alta concentraci\u00f3n de grasa en la sangre).\u00a0 <\/p>\n<p>A\u00f1adi\u00f3, \u00a0no obstante, que como son resultados preliminares, la cifra de personas enfermas podr\u00eda incrementarse en los pr\u00f3ximos d\u00edas. \u00a0 <\/p>\n<p>En este programa participan diferentes especialistas y t\u00e9cnicos del Ministerio de Salud, la Caja de Seguro Social y el Ministerio de Desarrollo Social. <\/p>\n","protected":false},"excerpt":{"rendered":"<p>La primera fase del Censo Nacional de Salud Preventiva, que <a href=\"https:\/\/sertv.gob.pa\/nacionalfm\/censo-nacional-de-salud-preventiva-con-malos-resultados\/\"> [&#8230;]<\/a><\/p>\n","protected":false},"author":1,"featured_media":5540,"comment_status":"closed","ping_status":"closed","sticky":false,"template":"","format":"standard","meta":{"footnotes":""},"categories":[5],"tags":[],"class_list":["post-5539","post","type-post","status-publish","format-standard","has-post-thumbnail","hentry","category-salud"],"_links":{"self":[{"href":"https:\/\/sertv.gob.pa\/nacionalfm\/wp-json\/wp\/v2\/posts\/5539","targetHints":{"allow":["GET"]}}],"collection":[{"href":"https:\/\/sertv.gob.pa\/nacionalfm\/wp-json\/wp\/v2\/posts"}],"about":[{"href":"https:\/\/sertv.gob.pa\/nacionalfm\/wp-json\/wp\/v2\/types\/post"}],"author":[{"embeddable":true,"href":"https:\/\/sertv.gob.pa\/nacionalfm\/wp-json\/wp\/v2\/users\/1"}],"replies":[{"embeddable":true,"href":"https:\/\/sertv.gob.pa\/nacionalfm\/wp-json\/wp\/v2\/comments?post=5539"}],"version-history":[{"count":0,"href":"https:\/\/sertv.gob.pa\/nacionalfm\/wp-json\/wp\/v2\/posts\/5539\/revisions"}],"wp:featuredmedia":[{"embeddable":true,"href":"https:\/\/sertv.gob.pa\/nacionalfm\/wp-json\/wp\/v2\/media\/5540"}],"wp:attachment":[{"href":"https:\/\/sertv.gob.pa\/nacionalfm\/wp-json\/wp\/v2\/media?parent=5539"}],"wp:term":[{"taxonomy":"category","embeddable":true,"href":"https:\/\/sertv.gob.pa\/nacionalfm\/wp-json\/wp\/v2\/categories?post=5539"},{"taxonomy":"post_tag","embeddable":true,"href":"https:\/\/sertv.gob.pa\/nacionalfm\/wp-json\/wp\/v2\/tags?post=5539"}],"curies":[{"name":"wp","href":"https:\/\/api.w.org\/{rel}","templated":true}]}}