{"id":5541,"date":"2015-06-01T15:47:45","date_gmt":"2015-06-01T15:47:45","guid":{"rendered":""},"modified":"2015-06-01T15:47:45","modified_gmt":"2015-06-01T15:47:45","slug":"farmaco-que-activa-sistema-inmunologico-parece-promisorio-contra-cancer","status":"publish","type":"post","link":"https:\/\/sertv.gob.pa\/nacionalfm\/farmaco-que-activa-sistema-inmunologico-parece-promisorio-contra-cancer\/","title":{"rendered":"F\u00e1rmaco que activa sistema inmunol\u00f3gico parece promisorio contra c\u00e1ncer"},"content":{"rendered":"<p>\nUn estudio \u00a0demuestra, por primera vez, que un medicamento que activa el sistema inmunol\u00f3gico podr\u00eda mejorar la supervivencia en los pacientes del tipo m\u00e1s com\u00fan de c\u00e1ncer pulmonar. <\/p>\n<p>Esta nueva clase de f\u00e1rmacos ha transformado el tratamiento del melanoma, la variante m\u00e1s mort\u00edfera del c\u00e1ncer de piel. <\/p>\n<p>Los estudios presentados \u00a0en una conferencia se\u00f1alan que estas \u00abterapias inmunol\u00f3gicas\u00bb pueden desempe\u00f1ar un papel m\u00e1s amplio en formas m\u00e1s comunes del c\u00e1ncer, incluso de pulm\u00f3n, h\u00edgado, colon, cabeza y cuello. <\/p>\n<p>Los m\u00e9dicos igualmente podr\u00edan haber encontrado un modo de pronosticar qu\u00e9 pacientes responder\u00e1n mejor a algunos de estos tratamientos m\u00e1s nuevos, seg\u00fan una investigaci\u00f3n presentada en la reuni\u00f3n de Chicago. <\/p>\n<p>Los f\u00e1rmacos de la terapia inmunol\u00f3gica se proponen ayudar al sistema inmunol\u00f3gico a reconocer y atacar el c\u00e1ncer. <\/p>\n<p>El estudio sobre c\u00e1ncer pulmonar puso a prueba Opdivo, de Bristol-Myers Squibb, que bloquea una prote\u00edna que impide al sistema inmunol\u00f3gico atacar las c\u00e9lulas cancerosas. <\/p>\n<p>Funcion\u00f3 mejor que la quimioterapia para los pacientes con una variedad de c\u00e1ncer pulmonar diagnosticada en m\u00e1s de 120 mil personas en Estados Unidos cada a\u00f1o. <\/p>\n<p>Opdivo, tambi\u00e9n llamado nivolumab, fue aprobada en marzo para una forma menos com\u00fan de c\u00e1ncer pulmonar, y el a\u00f1o pasado para el melanoma. <\/p>\n<p>Asimismo se aprobaron otras dos inmunoterapias para el melanoma: Keytruda y Yervoy. <\/p>\n<p>\u00abEstos f\u00e1rmacos se encuentran entre los m\u00e1s promisorios en muchos a\u00f1os\u00bb, afirm\u00f3 el doctor Richard Schilsky, director m\u00e9dico de la Sociedad Estadounidense de Oncolog\u00eda Cl\u00ednica, organizadora del encuentro. <\/p>\n<p>\u00a0 <\/p>\n","protected":false},"excerpt":{"rendered":"<p>Un estudio \u00a0demuestra, por primera vez, que un medicamento que <a href=\"https:\/\/sertv.gob.pa\/nacionalfm\/farmaco-que-activa-sistema-inmunologico-parece-promisorio-contra-cancer\/\"> [&#8230;]<\/a><\/p>\n","protected":false},"author":1,"featured_media":5542,"comment_status":"closed","ping_status":"closed","sticky":false,"template":"","format":"standard","meta":{"footnotes":""},"categories":[5],"tags":[],"class_list":["post-5541","post","type-post","status-publish","format-standard","has-post-thumbnail","hentry","category-salud"],"_links":{"self":[{"href":"https:\/\/sertv.gob.pa\/nacionalfm\/wp-json\/wp\/v2\/posts\/5541","targetHints":{"allow":["GET"]}}],"collection":[{"href":"https:\/\/sertv.gob.pa\/nacionalfm\/wp-json\/wp\/v2\/posts"}],"about":[{"href":"https:\/\/sertv.gob.pa\/nacionalfm\/wp-json\/wp\/v2\/types\/post"}],"author":[{"embeddable":true,"href":"https:\/\/sertv.gob.pa\/nacionalfm\/wp-json\/wp\/v2\/users\/1"}],"replies":[{"embeddable":true,"href":"https:\/\/sertv.gob.pa\/nacionalfm\/wp-json\/wp\/v2\/comments?post=5541"}],"version-history":[{"count":0,"href":"https:\/\/sertv.gob.pa\/nacionalfm\/wp-json\/wp\/v2\/posts\/5541\/revisions"}],"wp:featuredmedia":[{"embeddable":true,"href":"https:\/\/sertv.gob.pa\/nacionalfm\/wp-json\/wp\/v2\/media\/5542"}],"wp:attachment":[{"href":"https:\/\/sertv.gob.pa\/nacionalfm\/wp-json\/wp\/v2\/media?parent=5541"}],"wp:term":[{"taxonomy":"category","embeddable":true,"href":"https:\/\/sertv.gob.pa\/nacionalfm\/wp-json\/wp\/v2\/categories?post=5541"},{"taxonomy":"post_tag","embeddable":true,"href":"https:\/\/sertv.gob.pa\/nacionalfm\/wp-json\/wp\/v2\/tags?post=5541"}],"curies":[{"name":"wp","href":"https:\/\/api.w.org\/{rel}","templated":true}]}}