{"id":5557,"date":"2015-06-02T15:10:26","date_gmt":"2015-06-02T15:10:26","guid":{"rendered":""},"modified":"2015-06-02T15:10:26","modified_gmt":"2015-06-02T15:10:26","slug":"se-registran-429-casos-de-dengue-en-primeras-semanas-del-ano","status":"publish","type":"post","link":"https:\/\/sertv.gob.pa\/nacionalfm\/se-registran-429-casos-de-dengue-en-primeras-semanas-del-ano\/","title":{"rendered":"Se registran 429 casos de dengue en primeras semanas del a\u00f1o"},"content":{"rendered":"<p>\nEl Ministerio de Salud (Minsa) ha informado de 429 casos de dengue confirmados en todo el pa\u00eds, siendo la provincia de Los Santos y Herrera, las que presentan un mayor \u00edndice con 84 y 78 casos, seguido la regi\u00f3n metropolitana con 74 y San Miguelito con 62 casos en las primeras semanas del a\u00f1o. <\/p>\n<p>El Ministerio de Salud destaca que se mantienen los controles necesarios para enfrentar la proliferaci\u00f3n del mosquito Aedes Aegyptis, en coordinaci\u00f3n con el departamento de control de vectores. Hasta la fecha se han inspeccionado 16,327, encontrando 19,343 criaderos potenciales y 150 positivos. <\/p>\n<p>Durante las inspecciones se han eliminado 25,222 recipientes que serv\u00edan de criaderos para el mosquito, al igual se fumigaron 2,080 viviendas. El personal de control de vectores detect\u00f3 algunas familias que incumplen con las medidas de higiene y se levantaron 18 actas de compromisos y 59 sanciones. <\/p>\n<p>Con respecto a las cifras de malaria registradas en el pa\u00eds, hasta el 16 de mayo de 2015, se detectaron 255 casos y el a\u00f1o pasado a la misma fecha hab\u00eda 525 casos. <\/p>\n<p>\u00a0 <\/p>\n","protected":false},"excerpt":{"rendered":"<p>El Ministerio de Salud (Minsa) ha informado de 429 casos <a href=\"https:\/\/sertv.gob.pa\/nacionalfm\/se-registran-429-casos-de-dengue-en-primeras-semanas-del-ano\/\"> [&#8230;]<\/a><\/p>\n","protected":false},"author":1,"featured_media":5558,"comment_status":"closed","ping_status":"closed","sticky":false,"template":"","format":"standard","meta":{"footnotes":""},"categories":[5],"tags":[],"class_list":["post-5557","post","type-post","status-publish","format-standard","has-post-thumbnail","hentry","category-salud"],"_links":{"self":[{"href":"https:\/\/sertv.gob.pa\/nacionalfm\/wp-json\/wp\/v2\/posts\/5557","targetHints":{"allow":["GET"]}}],"collection":[{"href":"https:\/\/sertv.gob.pa\/nacionalfm\/wp-json\/wp\/v2\/posts"}],"about":[{"href":"https:\/\/sertv.gob.pa\/nacionalfm\/wp-json\/wp\/v2\/types\/post"}],"author":[{"embeddable":true,"href":"https:\/\/sertv.gob.pa\/nacionalfm\/wp-json\/wp\/v2\/users\/1"}],"replies":[{"embeddable":true,"href":"https:\/\/sertv.gob.pa\/nacionalfm\/wp-json\/wp\/v2\/comments?post=5557"}],"version-history":[{"count":0,"href":"https:\/\/sertv.gob.pa\/nacionalfm\/wp-json\/wp\/v2\/posts\/5557\/revisions"}],"wp:featuredmedia":[{"embeddable":true,"href":"https:\/\/sertv.gob.pa\/nacionalfm\/wp-json\/wp\/v2\/media\/5558"}],"wp:attachment":[{"href":"https:\/\/sertv.gob.pa\/nacionalfm\/wp-json\/wp\/v2\/media?parent=5557"}],"wp:term":[{"taxonomy":"category","embeddable":true,"href":"https:\/\/sertv.gob.pa\/nacionalfm\/wp-json\/wp\/v2\/categories?post=5557"},{"taxonomy":"post_tag","embeddable":true,"href":"https:\/\/sertv.gob.pa\/nacionalfm\/wp-json\/wp\/v2\/tags?post=5557"}],"curies":[{"name":"wp","href":"https:\/\/api.w.org\/{rel}","templated":true}]}}