{"id":5559,"date":"2015-06-02T15:16:14","date_gmt":"2015-06-02T15:16:14","guid":{"rendered":""},"modified":"2015-06-02T15:16:14","modified_gmt":"2015-06-02T15:16:14","slug":"beijing-premiada-por-la-oms","status":"publish","type":"post","link":"https:\/\/sertv.gob.pa\/nacionalfm\/beijing-premiada-por-la-oms\/","title":{"rendered":"Beijing premiada por la OMS"},"content":{"rendered":"<p>\nBeijing fue premiada \u00a0por la Organizaci\u00f3n Mundial de la Salud (OMS) en el D\u00eda Mundial Sin Tabaco por la nueva regulaci\u00f3n antitabaco. La regulaci\u00f3n proh\u00edbe fumar en todos los lugares p\u00fablicos cerrados, lugares de trabajo y medios de transporte p\u00fablico. <\/p>\n<p>A ra\u00edz de la prohibici\u00f3n, el aeropuerto de la capital cerrar\u00e1 tres salas para fumadores en las tres terminales y abrir\u00e1 11 espacios para fumadores al aire libre. <\/p>\n<p>\u00a0 <\/p>\n","protected":false},"excerpt":{"rendered":"<p>Beijing fue premiada \u00a0por la Organizaci\u00f3n Mundial de la Salud <a href=\"https:\/\/sertv.gob.pa\/nacionalfm\/beijing-premiada-por-la-oms\/\"> [&#8230;]<\/a><\/p>\n","protected":false},"author":1,"featured_media":5560,"comment_status":"closed","ping_status":"closed","sticky":false,"template":"","format":"standard","meta":{"footnotes":""},"categories":[5],"tags":[],"class_list":["post-5559","post","type-post","status-publish","format-standard","has-post-thumbnail","hentry","category-salud"],"_links":{"self":[{"href":"https:\/\/sertv.gob.pa\/nacionalfm\/wp-json\/wp\/v2\/posts\/5559","targetHints":{"allow":["GET"]}}],"collection":[{"href":"https:\/\/sertv.gob.pa\/nacionalfm\/wp-json\/wp\/v2\/posts"}],"about":[{"href":"https:\/\/sertv.gob.pa\/nacionalfm\/wp-json\/wp\/v2\/types\/post"}],"author":[{"embeddable":true,"href":"https:\/\/sertv.gob.pa\/nacionalfm\/wp-json\/wp\/v2\/users\/1"}],"replies":[{"embeddable":true,"href":"https:\/\/sertv.gob.pa\/nacionalfm\/wp-json\/wp\/v2\/comments?post=5559"}],"version-history":[{"count":0,"href":"https:\/\/sertv.gob.pa\/nacionalfm\/wp-json\/wp\/v2\/posts\/5559\/revisions"}],"wp:featuredmedia":[{"embeddable":true,"href":"https:\/\/sertv.gob.pa\/nacionalfm\/wp-json\/wp\/v2\/media\/5560"}],"wp:attachment":[{"href":"https:\/\/sertv.gob.pa\/nacionalfm\/wp-json\/wp\/v2\/media?parent=5559"}],"wp:term":[{"taxonomy":"category","embeddable":true,"href":"https:\/\/sertv.gob.pa\/nacionalfm\/wp-json\/wp\/v2\/categories?post=5559"},{"taxonomy":"post_tag","embeddable":true,"href":"https:\/\/sertv.gob.pa\/nacionalfm\/wp-json\/wp\/v2\/tags?post=5559"}],"curies":[{"name":"wp","href":"https:\/\/api.w.org\/{rel}","templated":true}]}}