{"id":5583,"date":"2015-06-03T15:21:28","date_gmt":"2015-06-03T15:21:28","guid":{"rendered":""},"modified":"2015-06-03T15:21:28","modified_gmt":"2015-06-03T15:21:28","slug":"campana-para-detectar-el-vih-sida-es-lanzada","status":"publish","type":"post","link":"https:\/\/sertv.gob.pa\/nacionalfm\/campana-para-detectar-el-vih-sida-es-lanzada\/","title":{"rendered":"Campa\u00f1a para detectar el VIH\/SIDA es lanzada"},"content":{"rendered":"<p>\nEl Ministerio de Salud (Minsa) compr\u00f3, en $3 millones, un mill\u00f3n de pruebas para detectar personas contagiadas, y que no lo saben, \u00a0con el VIH\/sida. <\/p>\n<p>Esta iniciativa, conjunta con el Despacho de la Primera Dama y la Caja de Seguro Social, pretende identificar a trav\u00e9s de unos 100 centros de salud y policl\u00ednicas a m\u00e1s de 20 mil personas que viven con el virus y lo desconocen. <\/p>\n<p>El titular de Salud, Francisco Javier Terrientes, inform\u00f3 que con la campa\u00f1a &ldquo;Pruebas que salvan vidas&rdquo; se brindar\u00e1 a la poblaci\u00f3n la oportunidad de que se haga las pruebas de manera &ldquo;confiable y segura, de forma confidencial y gratuita&rdquo;. <\/p>\n<p>Por su parte, el director ejecutivo de la Fundaci\u00f3n Pro Bienestar y Dignidad de las personas afectadas por el VIH\/sida (Probidsida), Orlando Quintero, destac\u00f3 que en Panam\u00e1 los casos se est\u00e1n incrementando. <\/p>\n<p>&ldquo;Hay un descontrol con respecto a la epidemia del VIH y necesitamos que se asuma una responsabilidad por parte de todos&rdquo;, acot\u00f3. <\/p>\n<p>La primera dama, Lorena Castillo de Varela, dijo que estas pruebas ser\u00edan la primera l\u00ednea de defensa para combatir la epidemia sin importar el g\u00e9nero, color de piel o preferencias sexuales. <\/p>\n<p>A la vez, hizo un llamado a la poblaci\u00f3n en general para que asista a las instalaciones de salud m\u00e1s cercanas a practicarse las pruebas. <\/p>\n","protected":false},"excerpt":{"rendered":"<p>El Ministerio de Salud (Minsa) compr\u00f3, en $3 millones, un <a href=\"https:\/\/sertv.gob.pa\/nacionalfm\/campana-para-detectar-el-vih-sida-es-lanzada\/\"> [&#8230;]<\/a><\/p>\n","protected":false},"author":1,"featured_media":5584,"comment_status":"closed","ping_status":"closed","sticky":false,"template":"","format":"standard","meta":{"footnotes":""},"categories":[5],"tags":[],"class_list":["post-5583","post","type-post","status-publish","format-standard","has-post-thumbnail","hentry","category-salud"],"_links":{"self":[{"href":"https:\/\/sertv.gob.pa\/nacionalfm\/wp-json\/wp\/v2\/posts\/5583","targetHints":{"allow":["GET"]}}],"collection":[{"href":"https:\/\/sertv.gob.pa\/nacionalfm\/wp-json\/wp\/v2\/posts"}],"about":[{"href":"https:\/\/sertv.gob.pa\/nacionalfm\/wp-json\/wp\/v2\/types\/post"}],"author":[{"embeddable":true,"href":"https:\/\/sertv.gob.pa\/nacionalfm\/wp-json\/wp\/v2\/users\/1"}],"replies":[{"embeddable":true,"href":"https:\/\/sertv.gob.pa\/nacionalfm\/wp-json\/wp\/v2\/comments?post=5583"}],"version-history":[{"count":0,"href":"https:\/\/sertv.gob.pa\/nacionalfm\/wp-json\/wp\/v2\/posts\/5583\/revisions"}],"wp:featuredmedia":[{"embeddable":true,"href":"https:\/\/sertv.gob.pa\/nacionalfm\/wp-json\/wp\/v2\/media\/5584"}],"wp:attachment":[{"href":"https:\/\/sertv.gob.pa\/nacionalfm\/wp-json\/wp\/v2\/media?parent=5583"}],"wp:term":[{"taxonomy":"category","embeddable":true,"href":"https:\/\/sertv.gob.pa\/nacionalfm\/wp-json\/wp\/v2\/categories?post=5583"},{"taxonomy":"post_tag","embeddable":true,"href":"https:\/\/sertv.gob.pa\/nacionalfm\/wp-json\/wp\/v2\/tags?post=5583"}],"curies":[{"name":"wp","href":"https:\/\/api.w.org\/{rel}","templated":true}]}}