{"id":5603,"date":"2015-06-04T15:16:29","date_gmt":"2015-06-04T15:16:29","guid":{"rendered":""},"modified":"2015-06-04T15:16:29","modified_gmt":"2015-06-04T15:16:29","slug":"salud-advierte-sobre-uso-de-la-moringa-oleifera","status":"publish","type":"post","link":"https:\/\/sertv.gob.pa\/nacionalfm\/salud-advierte-sobre-uso-de-la-moringa-oleifera\/","title":{"rendered":"Salud advierte sobre uso de la Moringa Oleifera"},"content":{"rendered":"<p>\nLa Direcci\u00f3n de Farmacias y Drogas del Ministerio de Salud (Minsa) advirti\u00f3 que no existen evidencias cient\u00edficas que avalen los efectos terap\u00e9uticos de la Moringa Oleifera en el tratamiento de un sinn\u00famero de enfermedades. <\/p>\n<p>La Moringa se vende sin receta m\u00e9dica en gran cantidad de centros naturistas del pa\u00eds. <\/p>\n<p>Mediante un bolet\u00edn, Farmacias y Drogas indica que ese organismo no avala ni aprueba, promociones que se est\u00e1n haciendo sobre las virtudes curativas de la Moringa en enfermedades como c\u00e1ncer, colesterol, diabetes, artritis, malaria, hepatitis y m\u00e1s de 300 dolencias. <\/p>\n<p>Al contrario, seg\u00fan la instituci\u00f3n, que cita a un investigador cient\u00edfico, la Moringa puede ocasionar anomal\u00edas hep\u00e1ticas, alterar la funci\u00f3n renal y ocasionar par\u00e1lisis neural. <\/p>\n<p>Asimismo, se\u00f1alan que la Moringa no est\u00e1 exenta de toxicidad ya que se ha hallado en estudios con animales que su corteza tiene efectos abortivos y puede provocar violentas contracciones uterinas y p\u00e9rdida del feto. <\/p>\n<p>\u00a0 <\/p>\n","protected":false},"excerpt":{"rendered":"<p>La Direcci\u00f3n de Farmacias y Drogas del Ministerio de Salud <a href=\"https:\/\/sertv.gob.pa\/nacionalfm\/salud-advierte-sobre-uso-de-la-moringa-oleifera\/\"> [&#8230;]<\/a><\/p>\n","protected":false},"author":1,"featured_media":5604,"comment_status":"closed","ping_status":"closed","sticky":false,"template":"","format":"standard","meta":{"footnotes":""},"categories":[5],"tags":[],"class_list":["post-5603","post","type-post","status-publish","format-standard","has-post-thumbnail","hentry","category-salud"],"_links":{"self":[{"href":"https:\/\/sertv.gob.pa\/nacionalfm\/wp-json\/wp\/v2\/posts\/5603","targetHints":{"allow":["GET"]}}],"collection":[{"href":"https:\/\/sertv.gob.pa\/nacionalfm\/wp-json\/wp\/v2\/posts"}],"about":[{"href":"https:\/\/sertv.gob.pa\/nacionalfm\/wp-json\/wp\/v2\/types\/post"}],"author":[{"embeddable":true,"href":"https:\/\/sertv.gob.pa\/nacionalfm\/wp-json\/wp\/v2\/users\/1"}],"replies":[{"embeddable":true,"href":"https:\/\/sertv.gob.pa\/nacionalfm\/wp-json\/wp\/v2\/comments?post=5603"}],"version-history":[{"count":0,"href":"https:\/\/sertv.gob.pa\/nacionalfm\/wp-json\/wp\/v2\/posts\/5603\/revisions"}],"wp:featuredmedia":[{"embeddable":true,"href":"https:\/\/sertv.gob.pa\/nacionalfm\/wp-json\/wp\/v2\/media\/5604"}],"wp:attachment":[{"href":"https:\/\/sertv.gob.pa\/nacionalfm\/wp-json\/wp\/v2\/media?parent=5603"}],"wp:term":[{"taxonomy":"category","embeddable":true,"href":"https:\/\/sertv.gob.pa\/nacionalfm\/wp-json\/wp\/v2\/categories?post=5603"},{"taxonomy":"post_tag","embeddable":true,"href":"https:\/\/sertv.gob.pa\/nacionalfm\/wp-json\/wp\/v2\/tags?post=5603"}],"curies":[{"name":"wp","href":"https:\/\/api.w.org\/{rel}","templated":true}]}}