{"id":5607,"date":"2015-06-04T15:32:30","date_gmt":"2015-06-04T15:32:30","guid":{"rendered":""},"modified":"2015-06-04T15:32:30","modified_gmt":"2015-06-04T15:32:30","slug":"sobre-el-cancer-pulmonar-america-latina-es-la-menos-informada","status":"publish","type":"post","link":"https:\/\/sertv.gob.pa\/nacionalfm\/sobre-el-cancer-pulmonar-america-latina-es-la-menos-informada\/","title":{"rendered":"Sobre el c\u00e1ncer pulmonar Am\u00e9rica Latina es la menos informada"},"content":{"rendered":"<p>\n Am\u00e9rica Latina  parece desconocer que el  c\u00e1ncer de pulm\u00f3n  es, entre todos los tipos de tumores malignos, el responsable de la mayor cantidad de decesos, y adem\u00e1s, es la regi\u00f3n que m\u00e1s estigma tiene sobre los factores que inciden en el desarrollo de esta enfermedad que caus\u00f3 la muerte de un mill\u00f3n 639 mil 600 personas en 2013. <\/p>\n<p>\u00a0Eso fue lo que reflej\u00f3 una encuesta global efectuada a 10 mil 111 adultos en 10 pa\u00edses &mdash;de los cuales 3 mil 43 pertenec\u00edan a  M\u00e9xico, Colombia y Argentina &mdash;, la cual fue presentada recientemente durante la versi\u00f3n n\u00famero 51 de la   Reuni\u00f3n Anual de la Sociedad Americana de Oncolog\u00eda Cl\u00ednica  , que se llev\u00f3 a cabo del 29 de mayo al 2 de junio en Chicago, Estados Unidos. <\/p>\n<p> De cada 10 participantes latinoamericanos de la encuesta, unos ocho indicaron que no conoc\u00edan nada o que sab\u00edan poco sobre el c\u00e1ncer pulmonar . <\/p>\n<p>\u00a0 <\/p>\n<p>\u00a0 <\/p>\n","protected":false},"excerpt":{"rendered":"<p>Am\u00e9rica Latina parece desconocer que el c\u00e1ncer de pulm\u00f3n es, <a href=\"https:\/\/sertv.gob.pa\/nacionalfm\/sobre-el-cancer-pulmonar-america-latina-es-la-menos-informada\/\"> [&#8230;]<\/a><\/p>\n","protected":false},"author":1,"featured_media":5608,"comment_status":"closed","ping_status":"closed","sticky":false,"template":"","format":"standard","meta":{"footnotes":""},"categories":[5],"tags":[],"class_list":["post-5607","post","type-post","status-publish","format-standard","has-post-thumbnail","hentry","category-salud"],"_links":{"self":[{"href":"https:\/\/sertv.gob.pa\/nacionalfm\/wp-json\/wp\/v2\/posts\/5607","targetHints":{"allow":["GET"]}}],"collection":[{"href":"https:\/\/sertv.gob.pa\/nacionalfm\/wp-json\/wp\/v2\/posts"}],"about":[{"href":"https:\/\/sertv.gob.pa\/nacionalfm\/wp-json\/wp\/v2\/types\/post"}],"author":[{"embeddable":true,"href":"https:\/\/sertv.gob.pa\/nacionalfm\/wp-json\/wp\/v2\/users\/1"}],"replies":[{"embeddable":true,"href":"https:\/\/sertv.gob.pa\/nacionalfm\/wp-json\/wp\/v2\/comments?post=5607"}],"version-history":[{"count":0,"href":"https:\/\/sertv.gob.pa\/nacionalfm\/wp-json\/wp\/v2\/posts\/5607\/revisions"}],"wp:featuredmedia":[{"embeddable":true,"href":"https:\/\/sertv.gob.pa\/nacionalfm\/wp-json\/wp\/v2\/media\/5608"}],"wp:attachment":[{"href":"https:\/\/sertv.gob.pa\/nacionalfm\/wp-json\/wp\/v2\/media?parent=5607"}],"wp:term":[{"taxonomy":"category","embeddable":true,"href":"https:\/\/sertv.gob.pa\/nacionalfm\/wp-json\/wp\/v2\/categories?post=5607"},{"taxonomy":"post_tag","embeddable":true,"href":"https:\/\/sertv.gob.pa\/nacionalfm\/wp-json\/wp\/v2\/tags?post=5607"}],"curies":[{"name":"wp","href":"https:\/\/api.w.org\/{rel}","templated":true}]}}