{"id":561,"date":"2014-07-28T05:00:00","date_gmt":"2014-07-28T05:00:00","guid":{"rendered":""},"modified":"2014-07-28T05:00:00","modified_gmt":"2014-07-28T05:00:00","slug":"convocan-a-companias-para-evaluar-nutricion-en-comarca","status":"publish","type":"post","link":"https:\/\/sertv.gob.pa\/nacionalfm\/convocan-a-companias-para-evaluar-nutricion-en-comarca\/","title":{"rendered":"Convocan a compa\u00f1\u00edas para evaluar nutrici\u00f3n en comarca"},"content":{"rendered":"<p>\nEl Ministerio de Salud (Minsa), mediante el programa de mejoramiento de la equidad y fortalecimiento de los servicios de salud, llevar\u00e1 a cabo una medici\u00f3n en mil 500 hogares de 150 comunidades de la comarca Ng\u00e4be Bugl\u00e9, donde se evaluar\u00e1 el impacto del programa de incentivos comunitarios y el componente de nutrici\u00f3n. <\/p>\n<p>Seg\u00fan el aviso del Minsa en Panam\u00e1Compra, las empresas interesadas pueden acceder al portal electr\u00f3nico  www.minsa.gob.pa . La consultor\u00eda ser\u00e1 por 17 meses y el precio de referencia es de $383 mil.\u00a0 @nacionalFm <\/p>\n<p>\u00a0 <\/p>\n","protected":false},"excerpt":{"rendered":"<p>El Ministerio de Salud (Minsa), mediante el programa de mejoramiento <a href=\"https:\/\/sertv.gob.pa\/nacionalfm\/convocan-a-companias-para-evaluar-nutricion-en-comarca\/\"> [&#8230;]<\/a><\/p>\n","protected":false},"author":1,"featured_media":562,"comment_status":"closed","ping_status":"closed","sticky":false,"template":"","format":"standard","meta":{"footnotes":""},"categories":[5],"tags":[],"class_list":["post-561","post","type-post","status-publish","format-standard","has-post-thumbnail","hentry","category-salud"],"_links":{"self":[{"href":"https:\/\/sertv.gob.pa\/nacionalfm\/wp-json\/wp\/v2\/posts\/561","targetHints":{"allow":["GET"]}}],"collection":[{"href":"https:\/\/sertv.gob.pa\/nacionalfm\/wp-json\/wp\/v2\/posts"}],"about":[{"href":"https:\/\/sertv.gob.pa\/nacionalfm\/wp-json\/wp\/v2\/types\/post"}],"author":[{"embeddable":true,"href":"https:\/\/sertv.gob.pa\/nacionalfm\/wp-json\/wp\/v2\/users\/1"}],"replies":[{"embeddable":true,"href":"https:\/\/sertv.gob.pa\/nacionalfm\/wp-json\/wp\/v2\/comments?post=561"}],"version-history":[{"count":0,"href":"https:\/\/sertv.gob.pa\/nacionalfm\/wp-json\/wp\/v2\/posts\/561\/revisions"}],"wp:featuredmedia":[{"embeddable":true,"href":"https:\/\/sertv.gob.pa\/nacionalfm\/wp-json\/wp\/v2\/media\/562"}],"wp:attachment":[{"href":"https:\/\/sertv.gob.pa\/nacionalfm\/wp-json\/wp\/v2\/media?parent=561"}],"wp:term":[{"taxonomy":"category","embeddable":true,"href":"https:\/\/sertv.gob.pa\/nacionalfm\/wp-json\/wp\/v2\/categories?post=561"},{"taxonomy":"post_tag","embeddable":true,"href":"https:\/\/sertv.gob.pa\/nacionalfm\/wp-json\/wp\/v2\/tags?post=561"}],"curies":[{"name":"wp","href":"https:\/\/api.w.org\/{rel}","templated":true}]}}