{"id":56287,"date":"2020-08-07T21:09:32","date_gmt":"2020-08-07T21:09:32","guid":{"rendered":"https:\/\/sertv.gob.pa\/nacionalfm\/?p=56287"},"modified":"2020-08-07T21:09:32","modified_gmt":"2020-08-07T21:09:32","slug":"lluvias-en-la-cuenca-hidrografica-del-canal-de-panama-se-mantienen-por-debajo-del-promedio","status":"publish","type":"post","link":"https:\/\/sertv.gob.pa\/nacionalfm\/lluvias-en-la-cuenca-hidrografica-del-canal-de-panama-se-mantienen-por-debajo-del-promedio\/","title":{"rendered":"Lluvias en la \u201cCuenca Hidrogr\u00e1fica del Canal de Panam\u00e1\u201d, se mantienen por debajo del promedio"},"content":{"rendered":"<p>Las lluvias, durante el mes de julio, volvieron a estar por debajo de lo esperado en la Cuenca Hidrogr\u00e1fica del Canal de Panam\u00e1 (CHCP). El monitoreo de los especialistas canaleros, indica que llovi\u00f3 un 13.7 % menos que el promedio hist\u00f3rico establecido para este momento del a\u00f1o.<\/p>\n<p>Estos resultados, se dan luego de un mes de junio durante el cual las lluvias en la CHCP estuvieron un 20 % por encima del promedio, no obstante, esta fue una situaci\u00f3n excepcional en lo que va del 2020, ya que, en el resto de los meses del a\u00f1o, se ha registrado d\u00e9ficit en la cantidad de precipitaciones esperadas.<\/p>\n<p>El periodo seco en la regi\u00f3n, ha sido tal, que el antecedente inmediatamente anterior, sobre una bonanza de esta magnitud en cuanto a precipitaciones, se remonta a septiembre de 2018, cuando se alcanz\u00f3 un 24% m\u00e1s que el promedio. A partir de esa fecha, el resto de los meses, con excepci\u00f3n de un nivel ligeramente superior en diciembre de 2019, han sido meses de d\u00e9ficit en la cantidad de lluvias.<\/p>\n<p>La temporada lluviosa del 2020, comenz\u00f3 a mediados del mes de mayo y, en t\u00e9rminos generales, las precipitaciones han estado por debajo del promedio, por lo que los embalses todav\u00eda se encuentran en proceso de recuperaci\u00f3n, tras un a\u00f1o 2019 muy seco.<\/p>\n<p>Al \u00faltimo d\u00eda de julio, el embalse Gat\u00fan, que abastece varias plantas potabilizadoras y la operaci\u00f3n de la v\u00eda interoce\u00e1nica, mostraba un nivel por debajo de la curva gu\u00eda, pues alcanz\u00f3 25.78 metros, lo que lo sit\u00faa 0.28 metros por debajo del nivel m\u00ednimo deseable para este momento del a\u00f1o.<\/p>\n<p>Por su lado, el embalse Alhajuela, que suple de agua a la potabilizadora de Chilibre, se ha recuperado m\u00e1s r\u00e1pidamente, al situarse en 67.65 metros, es decir, 1.51 metros por encima de la curva gu\u00eda.<\/p>\n<p>Acorde a las estimaciones de los especialistas del Canal de Panam\u00e1, se espera que hasta el mes de agosto, las lluvias se mantengan cercanas al promedio, luego de lo cual, se pueden incrementar por posibilidades de que se desarrolle un fen\u00f3meno de La Ni\u00f1a.<\/p>\n<p>Otros factores como la incidencia de la temporada de huracanes en el Atl\u00e1ntico, pueden alterar las precipitaciones increment\u00e1ndolas o disminuy\u00e9ndolas, seg\u00fan la trayectoria de estos sistemas.<\/p>\n<p>Frente a estas variaciones en los patrones de lluvias, las autoridades del \u00a0Canal de Panam\u00e1, han anunciado que durante los pr\u00f3ximos meses, continuar\u00e1 con los estudios necesarios, a fin de informar sobre el desarrollo de proyectos viables que garantizar\u00e1n la disponibilidad de agua en el corto, mediano y largo plazo.<\/p>\n<p>Se trata de una iniciativa que busca identificar una cartera integral de proyectos destinados a fortalecer los esfuerzos de gesti\u00f3n de los recursos h\u00eddricos del Canal de Panam\u00e1, teniendo en cuenta sus impactos ambientales, econ\u00f3micos y sociales.<\/p>\n<p>Se estima que estos estudios, finalizar\u00e1n en el 2021, luego de lo cual se avanzar\u00e1 en la ejecuci\u00f3n de la cartera de proyectos propuesta a trav\u00e9s de un proceso de licitaci\u00f3n p\u00fablica, de modo que se garantice el suministro de agua para el consumo de la poblaci\u00f3n y la continuidad de las operaciones de la v\u00eda interoce\u00e1nica.<\/p>\n<p>&nbsp;<\/p>\n<p>Fuente: ACP<\/p>\n","protected":false},"excerpt":{"rendered":"<p>Las lluvias, durante el mes de julio, volvieron a estar <a href=\"https:\/\/sertv.gob.pa\/nacionalfm\/lluvias-en-la-cuenca-hidrografica-del-canal-de-panama-se-mantienen-por-debajo-del-promedio\/\"> [&#8230;]<\/a><\/p>\n","protected":false},"author":9,"featured_media":56288,"comment_status":"closed","ping_status":"closed","sticky":false,"template":"","format":"standard","meta":{"footnotes":""},"categories":[2],"tags":[],"class_list":["post-56287","post","type-post","status-publish","format-standard","has-post-thumbnail","hentry","category-nacionales"],"_links":{"self":[{"href":"https:\/\/sertv.gob.pa\/nacionalfm\/wp-json\/wp\/v2\/posts\/56287","targetHints":{"allow":["GET"]}}],"collection":[{"href":"https:\/\/sertv.gob.pa\/nacionalfm\/wp-json\/wp\/v2\/posts"}],"about":[{"href":"https:\/\/sertv.gob.pa\/nacionalfm\/wp-json\/wp\/v2\/types\/post"}],"author":[{"embeddable":true,"href":"https:\/\/sertv.gob.pa\/nacionalfm\/wp-json\/wp\/v2\/users\/9"}],"replies":[{"embeddable":true,"href":"https:\/\/sertv.gob.pa\/nacionalfm\/wp-json\/wp\/v2\/comments?post=56287"}],"version-history":[{"count":1,"href":"https:\/\/sertv.gob.pa\/nacionalfm\/wp-json\/wp\/v2\/posts\/56287\/revisions"}],"predecessor-version":[{"id":56289,"href":"https:\/\/sertv.gob.pa\/nacionalfm\/wp-json\/wp\/v2\/posts\/56287\/revisions\/56289"}],"wp:featuredmedia":[{"embeddable":true,"href":"https:\/\/sertv.gob.pa\/nacionalfm\/wp-json\/wp\/v2\/media\/56288"}],"wp:attachment":[{"href":"https:\/\/sertv.gob.pa\/nacionalfm\/wp-json\/wp\/v2\/media?parent=56287"}],"wp:term":[{"taxonomy":"category","embeddable":true,"href":"https:\/\/sertv.gob.pa\/nacionalfm\/wp-json\/wp\/v2\/categories?post=56287"},{"taxonomy":"post_tag","embeddable":true,"href":"https:\/\/sertv.gob.pa\/nacionalfm\/wp-json\/wp\/v2\/tags?post=56287"}],"curies":[{"name":"wp","href":"https:\/\/api.w.org\/{rel}","templated":true}]}}