{"id":5631,"date":"2015-06-05T15:11:57","date_gmt":"2015-06-05T15:11:57","guid":{"rendered":""},"modified":"2015-06-05T15:11:57","modified_gmt":"2015-06-05T15:11:57","slug":"poblacion-cada-vez-mas-joven-con-problema-de-sobrepeso","status":"publish","type":"post","link":"https:\/\/sertv.gob.pa\/nacionalfm\/poblacion-cada-vez-mas-joven-con-problema-de-sobrepeso\/","title":{"rendered":"Poblaci\u00f3n cada vez m\u00e1s joven con problema de sobrepeso"},"content":{"rendered":"<p>\nEstudios del Ministerio de Salud (MINSA) y datos de la Encuesta de Niveles de Vida, muestran que en la poblaci\u00f3n se ha dado un marcado incremento del consumo de alimentos industrializados, sodas, productos panificados y embutidos. <\/p>\n<p>Estos estudios indican que en Panam\u00e1 el exceso de peso se observa en la poblaci\u00f3n cada vez m\u00e1s joven, pues datos en escolares muestran que casi el 20% de dicho grupo et\u00e1reo se halla en sobrepeso o en riesgo de sobrepeso. <\/p>\n<p>\u00a0 <\/p>\n","protected":false},"excerpt":{"rendered":"<p>Estudios del Ministerio de Salud (MINSA) y datos de la <a href=\"https:\/\/sertv.gob.pa\/nacionalfm\/poblacion-cada-vez-mas-joven-con-problema-de-sobrepeso\/\"> [&#8230;]<\/a><\/p>\n","protected":false},"author":1,"featured_media":5632,"comment_status":"closed","ping_status":"closed","sticky":false,"template":"","format":"standard","meta":{"footnotes":""},"categories":[5],"tags":[],"class_list":["post-5631","post","type-post","status-publish","format-standard","has-post-thumbnail","hentry","category-salud"],"_links":{"self":[{"href":"https:\/\/sertv.gob.pa\/nacionalfm\/wp-json\/wp\/v2\/posts\/5631","targetHints":{"allow":["GET"]}}],"collection":[{"href":"https:\/\/sertv.gob.pa\/nacionalfm\/wp-json\/wp\/v2\/posts"}],"about":[{"href":"https:\/\/sertv.gob.pa\/nacionalfm\/wp-json\/wp\/v2\/types\/post"}],"author":[{"embeddable":true,"href":"https:\/\/sertv.gob.pa\/nacionalfm\/wp-json\/wp\/v2\/users\/1"}],"replies":[{"embeddable":true,"href":"https:\/\/sertv.gob.pa\/nacionalfm\/wp-json\/wp\/v2\/comments?post=5631"}],"version-history":[{"count":0,"href":"https:\/\/sertv.gob.pa\/nacionalfm\/wp-json\/wp\/v2\/posts\/5631\/revisions"}],"wp:featuredmedia":[{"embeddable":true,"href":"https:\/\/sertv.gob.pa\/nacionalfm\/wp-json\/wp\/v2\/media\/5632"}],"wp:attachment":[{"href":"https:\/\/sertv.gob.pa\/nacionalfm\/wp-json\/wp\/v2\/media?parent=5631"}],"wp:term":[{"taxonomy":"category","embeddable":true,"href":"https:\/\/sertv.gob.pa\/nacionalfm\/wp-json\/wp\/v2\/categories?post=5631"},{"taxonomy":"post_tag","embeddable":true,"href":"https:\/\/sertv.gob.pa\/nacionalfm\/wp-json\/wp\/v2\/tags?post=5631"}],"curies":[{"name":"wp","href":"https:\/\/api.w.org\/{rel}","templated":true}]}}